{"id":15246,"date":"2026-08-21T11:40:01","date_gmt":"2026-08-21T16:40:01","guid":{"rendered":"https:\/\/incp.org.co\/ContArte\/sin-categoria\/2026\/08\/el-contador-publico-frente-a-la-medicion-de-emisiones-de-carbono\/"},"modified":"2026-08-21T11:40:01","modified_gmt":"2026-08-21T16:40:01","slug":"el-contador-publico-frente-a-la-medicion-de-emisiones-de-carbono","status":"publish","type":"post","link":"https:\/\/incp.org.co\/ContArte\/contenidos\/2026\/08\/el-contador-publico-frente-a-la-medicion-de-emisiones-de-carbono\/","title":{"rendered":"El contador p\u00fablico frente a la medici\u00f3n de emisiones de carbono"},"content":{"rendered":"<div class=\"_df_book df-lite\" id=\"df_15245\"  _slug=\"el-contador-publico-frente-a-la-medicion-de-emisiones-de-carbono\" data-title=\"el-contador-publico-frente-a-la-medicion-de-emisiones-de-carbono\" wpoptions=\"true\" thumbtype=\"\" ><\/div><script class=\"df-shortcode-script\" nowprocket type=\"application\/javascript\">window.option_df_15245 = {\"outline\":[],\"autoEnableOutline\":\"false\",\"autoEnableThumbnail\":\"false\",\"overwritePDFOutline\":\"false\",\"direction\":\"1\",\"pageSize\":\"0\",\"source\":\"https:\\\/\\\/incp.org.co\\\/ContArte\\\/wp-content\\\/uploads\\\/2026\\\/08\\\/El-contador-pAoblico-frente-a-la-mediciA\\u00b3n-de-emisiones-de-carbono-V20Ago26.pdf\",\"wpOptions\":\"true\"}; if(window.DFLIP && window.DFLIP.parseBooks){window.DFLIP.parseBooks();}<\/script>\n\n\n<div class=\"wp-block-file\"><a id=\"wp-block-file--media-726d0d3c-8b2d-4c1e-8c01-c4c02797c5cd\" href=\"https:\/\/incp.org.co\/ContArte\/wp-content\/uploads\/2026\/08\/El-contador-pAoblico-frente-a-la-mediciA\u00b3n-de-emisiones-de-carbono-V20Ago26.pdf\">El-contador-pAoblico-frente-a-la-mediciA\u00b3n-de-emisiones-de-carbono-V20Ago26<\/a><a href=\"https:\/\/incp.org.co\/ContArte\/wp-content\/uploads\/2026\/08\/El-contador-pAoblico-frente-a-la-mediciA\u00b3n-de-emisiones-de-carbono-V20Ago26.pdf\" class=\"wp-block-file__button wp-element-button\" download aria-describedby=\"wp-block-file--media-726d0d3c-8b2d-4c1e-8c01-c4c02797c5cd\">Descarga<\/a><\/div>\n","protected":false},"excerpt":{"rendered":"<p>La medici\u00f3n de emisiones de carbono exige datos confiables, trazabilidad y criterio profesional. En esta infograf\u00eda explicamos qu\u00e9 es la huella de carbono, c\u00f3mo se clasifican las emisiones y cu\u00e1l es el rol del contador p\u00fablico en la medici\u00f3n, verificaci\u00f3n y reporte de informaci\u00f3n sobre emisiones.<\/p>\n","protected":false},"author":8,"featured_media":15243,"comment_status":"open","ping_status":"open","sticky":false,"template":"","format":"standard","meta":{"footnotes":""},"categories":[5,513],"tags":[],"class_list":["post-15246","post","type-post","status-publish","format-standard","has-post-thumbnail","hentry","category-contenidos","category-sostenibilidad"],"views":135,"_links":{"self":[{"href":"https:\/\/incp.org.co\/ContArte\/wp-json\/wp\/v2\/posts\/15246","targetHints":{"allow":["GET"]}}],"collection":[{"href":"https:\/\/incp.org.co\/ContArte\/wp-json\/wp\/v2\/posts"}],"about":[{"href":"https:\/\/incp.org.co\/ContArte\/wp-json\/wp\/v2\/types\/post"}],"author":[{"embeddable":true,"href":"https:\/\/incp.org.co\/ContArte\/wp-json\/wp\/v2\/users\/8"}],"replies":[{"embeddable":true,"href":"https:\/\/incp.org.co\/ContArte\/wp-json\/wp\/v2\/comments?post=15246"}],"version-history":[{"count":0,"href":"https:\/\/incp.org.co\/ContArte\/wp-json\/wp\/v2\/posts\/15246\/revisions"}],"wp:featuredmedia":[{"embeddable":true,"href":"https:\/\/incp.org.co\/ContArte\/wp-json\/wp\/v2\/media\/15243"}],"wp:attachment":[{"href":"https:\/\/incp.org.co\/ContArte\/wp-json\/wp\/v2\/media?parent=15246"}],"wp:term":[{"taxonomy":"category","embeddable":true,"href":"https:\/\/incp.org.co\/ContArte\/wp-json\/wp\/v2\/categories?post=15246"},{"taxonomy":"post_tag","embeddable":true,"href":"https:\/\/incp.org.co\/ContArte\/wp-json\/wp\/v2\/tags?post=15246"}],"curies":[{"name":"wp","href":"https:\/\/api.w.org\/{rel}","templated":true}]}}