{"id":1021,"date":"2023-05-12T07:57:01","date_gmt":"2023-05-12T12:57:01","guid":{"rendered":"https:\/\/incp.org.co\/agendatributariaincp\/?p=1021"},"modified":"2023-05-12T07:57:02","modified_gmt":"2023-05-12T12:57:02","slug":"minhacienda-modificaria-plazos-para-los-contribuyentes-acogidos-al-mecanismo-de-pago-de-obras-por-impuestos","status":"publish","type":"post","link":"https:\/\/incp.org.co\/agendatributariaincp\/noticias\/2023\/05\/minhacienda-modificaria-plazos-para-los-contribuyentes-acogidos-al-mecanismo-de-pago-de-obras-por-impuestos\/","title":{"rendered":"MinHacienda modificar\u00eda plazos <a>para los contribuyentes acogidos al mecanismo de pago de obras por impuestos<\/a>"},"content":{"rendered":"\n<p>El Ministerio de Hacienda y Cr\u00e9dito P\u00fablico emiti\u00f3 un proyecto de decreto* por medio del cual se modificar\u00edan algunos art\u00edculos del Decreto 1625 de 2016 para establecer un nuevo plazo para el pago del impuesto sobre la renta y complementarios de los contribuyentes que solicitaron la vinculaci\u00f3n al mecanismo de obras por impuestos de conformidad con lo dispuesto en el par\u00e1grafo 7 del art\u00edculo 238 de la Ley 1819 de 2016.<\/p>\n\n\n\n<p>Concretamente, el proyecto realizar\u00eda las siguientes modificaciones a la secci\u00f3n 2 del cap\u00edtulo 13 del t\u00edtulo 1 de la parte 6 del libro 1 del Decreto 1625 de 2016:<\/p>\n\n\n\n<ul class=\"wp-block-list\">\n<li>Modificar\u00eda los art\u00edculos 1.6.1.13.2.22 y 1.6.1.13.2.23 para cambiar del 31 de mayo de 2023 al <strong>31 de agosto de 2023<\/strong> el plazo para pagar el saldo de la declaraci\u00f3n del impuesto sobre la renta y complementarios de los <strong>contribuyentes personas jur\u00eddicas<\/strong> y <strong>grandes contribuyentes personas jur\u00eddicas<\/strong> que a 31 de marzo de 2023 hayan solicitado la vinculaci\u00f3n del impuesto al mecanismo de pago de obras por impuestos. El plazo de presentaci\u00f3n de la declaraci\u00f3n en menci\u00f3n se mantiene al 31 de mayo de 2023.<\/li>\n\n\n\n<li>Modificar\u00eda el inciso 2 del art\u00edculo 1.6.1.13.2.24 para cambiar del 31 de mayo de 2023 al <strong>31 de agosto de 2023<\/strong> el plazo para realizar el pago del saldo del impuesto sobre la renta y complementarios cuando la solicitud de vinculaci\u00f3n al mecanismo de obras por impuestos no sea aprobada o sea rechazada por causas diferentes a no cumplir con los requisitos establecidos en el art\u00edculo 238 de la Ley 1819 de 2016 y en el t\u00edtulo 5 de la parte 6 del libro 1 del presente Decreto.<\/li>\n<\/ul>\n\n\n\n<p>Usted podr\u00e1 enviar sus comentarios del proyecto hasta el 15 de mayo de 2023 por medio de este <a href=\"https:\/\/forms.office.com\/Pages\/ResponsePage.aspx?id=2GDqtEm-vECYxBjEO_1yHivi38WBCEdFkETiUcsqrzlUMFJWREVEQU1SMDlDTFE2N1ZQM1Y1MTZVUSQlQCNjPTEu\">enlace<\/a>.<\/p>\n\n\n\n<p>Para m\u00e1s informaci\u00f3n, consulte el proyecto a continuaci\u00f3n.<\/p>\n\n\n\n<p>Ver: <a href=\"https:\/\/incp.org.co\/wp-content\/uploads\/2023\/05\/Proyecto-de-decreto-MinHacienda.pdf\" target=\"_blank\" rel=\"noreferrer noopener\">Proyecto de decreto-MinHacienda<\/a><\/p>\n\n\n\n<p>*Por el cual se modifican los art\u00edculos 1.6.1.13.2.22., 1.6.1.13.2.23. y el inciso 2 del par\u00e1grafo 1 del art\u00edculo 1.6.1.13.2.24. de la Secci\u00f3n 2 del Cap\u00edtulo 13 del T\u00edtulo 1 de la Parte 6 del Libro 1 del Decreto 1625 de 2016, \u00danico Reglamentario en Materia Tributaria, para prorrogar el pago del valor del impuesto sobre la renta y complementarios de los contribuyentes que solicitaron la vinculaci\u00f3n del impuesto en el a\u00f1o 2023 a \u201cObras por Impuestos\u201d de conformidad con lo dispuesto en el par\u00e1grafo 7 del art\u00edculo 238 de la Ley 1819 de 2016.<\/p>\n\n\n\n<p><strong>Redacci\u00f3n INCP<\/strong><\/p>\n","protected":false},"excerpt":{"rendered":"<p>El Ministerio de Hacienda y Cr\u00e9dito P\u00fablico emiti\u00f3 un proyecto de decreto* por medio del cual se modificar\u00edan algunos art\u00edculos del Decreto 1625 de 2016 para establecer un nuevo plazo para el pago del impuesto sobre la renta y complementarios de los contribuyentes que solicitaron la vinculaci\u00f3n al mecanismo de obras por impuestos de conformidad&hellip; <br \/> <a class=\"read-more\" href=\"https:\/\/incp.org.co\/agendatributariaincp\/noticias\/2023\/05\/minhacienda-modificaria-plazos-para-los-contribuyentes-acogidos-al-mecanismo-de-pago-de-obras-por-impuestos\/\">Read more<\/a><\/p>\n","protected":false},"author":17760,"featured_media":1022,"comment_status":"open","ping_status":"open","sticky":false,"template":"","format":"standard","meta":{"footnotes":""},"categories":[13],"tags":[],"class_list":["post-1021","post","type-post","status-publish","format-standard","has-post-thumbnail","hentry","category-noticias"],"_links":{"self":[{"href":"https:\/\/incp.org.co\/agendatributariaincp\/wp-json\/wp\/v2\/posts\/1021","targetHints":{"allow":["GET"]}}],"collection":[{"href":"https:\/\/incp.org.co\/agendatributariaincp\/wp-json\/wp\/v2\/posts"}],"about":[{"href":"https:\/\/incp.org.co\/agendatributariaincp\/wp-json\/wp\/v2\/types\/post"}],"author":[{"embeddable":true,"href":"https:\/\/incp.org.co\/agendatributariaincp\/wp-json\/wp\/v2\/users\/17760"}],"replies":[{"embeddable":true,"href":"https:\/\/incp.org.co\/agendatributariaincp\/wp-json\/wp\/v2\/comments?post=1021"}],"version-history":[{"count":1,"href":"https:\/\/incp.org.co\/agendatributariaincp\/wp-json\/wp\/v2\/posts\/1021\/revisions"}],"predecessor-version":[{"id":1023,"href":"https:\/\/incp.org.co\/agendatributariaincp\/wp-json\/wp\/v2\/posts\/1021\/revisions\/1023"}],"wp:featuredmedia":[{"embeddable":true,"href":"https:\/\/incp.org.co\/agendatributariaincp\/wp-json\/wp\/v2\/media\/1022"}],"wp:attachment":[{"href":"https:\/\/incp.org.co\/agendatributariaincp\/wp-json\/wp\/v2\/media?parent=1021"}],"wp:term":[{"taxonomy":"category","embeddable":true,"href":"https:\/\/incp.org.co\/agendatributariaincp\/wp-json\/wp\/v2\/categories?post=1021"},{"taxonomy":"post_tag","embeddable":true,"href":"https:\/\/incp.org.co\/agendatributariaincp\/wp-json\/wp\/v2\/tags?post=1021"}],"curies":[{"name":"wp","href":"https:\/\/api.w.org\/{rel}","templated":true}]}}