{"id":1030,"date":"2023-05-18T08:00:49","date_gmt":"2023-05-18T13:00:49","guid":{"rendered":"https:\/\/incp.org.co\/agendatributariaincp\/?p=1030"},"modified":"2023-05-18T08:00:50","modified_gmt":"2023-05-18T13:00:50","slug":"dian-se-refirio-a-la-retencion-en-la-fuente-en-retiros-de-aportes-pensionales","status":"publish","type":"post","link":"https:\/\/incp.org.co\/agendatributariaincp\/noticias\/2023\/05\/dian-se-refirio-a-la-retencion-en-la-fuente-en-retiros-de-aportes-pensionales\/","title":{"rendered":"DIAN se refiri\u00f3 a la retenci\u00f3n en la fuente en retiros de aportes pensionales"},"content":{"rendered":"\n<p>Por medio del Oficio 2475 del 17 de abril de 2023, la Direcci\u00f3n de Impuestos y Aduanas Nacionales (DIAN) dio respuesta a la siguiente inquietud relacionada con la retenci\u00f3n en la fuente en retiros de aportes de car\u00e1cter pensional:<\/p>\n\n\n\n<p><strong>\u00bfHay lugar a practicar retenci\u00f3n en la fuente con ocasi\u00f3n del retiro de los aportes, efectuados en vida por una persona natural (ahora fallecida) a un fondo de pensi\u00f3n voluntaria, llevado a cabo por su c\u00f3nyuge sup\u00e9rstite?<\/strong><\/p>\n\n\n\n<p>De conformidad con el art\u00edculo 126-1 del Estatuto Tributario (E.T.), los aportes voluntarios realizados por el trabajador, el empleador o el participante independiente a los seguros privados de pensiones y a los fondos de pensiones voluntarias y obligatorias, administrados por entidades supervisadas por la Superintendencia Financiera de Colombia, no se tendr\u00e1n en cuenta para calcular la retenci\u00f3n en la fuente y se considerar\u00e1n como una renta exenta. Toda vez que la suma de los aportes a las Cuentas de Ahorro para el Fomento de la Construcci\u00f3n (AFC) de que trata el art\u00edculo 126-4 del E.T., no exceda el 30 % del ingreso laboral o ingreso tributario del a\u00f1o, seg\u00fan corresponda, hasta un m\u00e1ximo 3.800 Unidades de Valor Tributario (UVT) por a\u00f1o.<\/p>\n\n\n\n<p>No obstante, esta renta exenta est\u00e1 sujeta a las siguientes condiciones:<\/p>\n\n\n\n<ul class=\"wp-block-list\">\n<li>Los retiros deben ser realizados despu\u00e9s de un per\u00edodo m\u00ednimo de 10 a\u00f1os, a menos que se cumplan los requisitos para acceder a la pensi\u00f3n de vejez o jubilaci\u00f3n, o en casos de muerte o incapacidad que den derecho a una pensi\u00f3n debidamente certificada seg\u00fan las leyes de seguridad social.<\/li>\n\n\n\n<li>Los retiros de aportes voluntarios destinados a la adquisici\u00f3n de vivienda, ya sea financiada o no por entidades bajo la inspecci\u00f3n y vigilancia de la Superintendencia Financiera de Colombia, tambi\u00e9n est\u00e1n exentos de impuestos. En caso de que la vivienda sea adquirida sin financiaci\u00f3n, previo al retiro, se deber\u00e1 acreditar ante la entidad financiera, con copia de la escritura de compraventa, que los recursos se destinaron a dicha adquisici\u00f3n.<\/li>\n<\/ul>\n\n\n\n<p>Por consiguiente, la DIAN precisa que el retiro de los aportes voluntarios o sus rendimientos realizado por el c\u00f3nyuge sup\u00e9rstite del aportante no implicar\u00e1 la perdida de la naturaleza de renta exenta, y tampoco dar\u00e1 lugar a la pr\u00e1ctica de retenci\u00f3n en la fuente, siempre que cumpla con las anteriores condiciones.<\/p>\n\n\n\n<p>Para m\u00e1s informaci\u00f3n, consulte el documento a continuaci\u00f3n.<\/p>\n\n\n\n<p>Ver: <a href=\"https:\/\/incp.org.co\/wp-content\/uploads\/2023\/05\/Oficio-2475-2023-DIAN.pdf\" target=\"_blank\" rel=\"noreferrer noopener\">Oficio 2475-2023-DIAN<\/a><\/p>\n\n\n\n<p><strong>Redacci\u00f3n INCP<\/strong><\/p>\n","protected":false},"excerpt":{"rendered":"<p>Por medio del Oficio 2475 del 17 de abril de 2023, la Direcci\u00f3n de Impuestos y Aduanas Nacionales (DIAN) dio respuesta a la siguiente inquietud relacionada con la retenci\u00f3n en la fuente en retiros de aportes de car\u00e1cter pensional: \u00bfHay lugar a practicar retenci\u00f3n en la fuente con ocasi\u00f3n del retiro de los aportes, efectuados&hellip; <br \/> <a class=\"read-more\" href=\"https:\/\/incp.org.co\/agendatributariaincp\/noticias\/2023\/05\/dian-se-refirio-a-la-retencion-en-la-fuente-en-retiros-de-aportes-pensionales\/\">Read more<\/a><\/p>\n","protected":false},"author":17760,"featured_media":1031,"comment_status":"open","ping_status":"open","sticky":false,"template":"","format":"standard","meta":{"footnotes":""},"categories":[13],"tags":[],"class_list":["post-1030","post","type-post","status-publish","format-standard","has-post-thumbnail","hentry","category-noticias"],"_links":{"self":[{"href":"https:\/\/incp.org.co\/agendatributariaincp\/wp-json\/wp\/v2\/posts\/1030","targetHints":{"allow":["GET"]}}],"collection":[{"href":"https:\/\/incp.org.co\/agendatributariaincp\/wp-json\/wp\/v2\/posts"}],"about":[{"href":"https:\/\/incp.org.co\/agendatributariaincp\/wp-json\/wp\/v2\/types\/post"}],"author":[{"embeddable":true,"href":"https:\/\/incp.org.co\/agendatributariaincp\/wp-json\/wp\/v2\/users\/17760"}],"replies":[{"embeddable":true,"href":"https:\/\/incp.org.co\/agendatributariaincp\/wp-json\/wp\/v2\/comments?post=1030"}],"version-history":[{"count":1,"href":"https:\/\/incp.org.co\/agendatributariaincp\/wp-json\/wp\/v2\/posts\/1030\/revisions"}],"predecessor-version":[{"id":1032,"href":"https:\/\/incp.org.co\/agendatributariaincp\/wp-json\/wp\/v2\/posts\/1030\/revisions\/1032"}],"wp:featuredmedia":[{"embeddable":true,"href":"https:\/\/incp.org.co\/agendatributariaincp\/wp-json\/wp\/v2\/media\/1031"}],"wp:attachment":[{"href":"https:\/\/incp.org.co\/agendatributariaincp\/wp-json\/wp\/v2\/media?parent=1030"}],"wp:term":[{"taxonomy":"category","embeddable":true,"href":"https:\/\/incp.org.co\/agendatributariaincp\/wp-json\/wp\/v2\/categories?post=1030"},{"taxonomy":"post_tag","embeddable":true,"href":"https:\/\/incp.org.co\/agendatributariaincp\/wp-json\/wp\/v2\/tags?post=1030"}],"curies":[{"name":"wp","href":"https:\/\/api.w.org\/{rel}","templated":true}]}}