{"id":1040,"date":"2023-05-24T08:30:41","date_gmt":"2023-05-24T13:30:41","guid":{"rendered":"https:\/\/incp.org.co\/agendatributariaincp\/?p=1040"},"modified":"2023-05-24T08:30:42","modified_gmt":"2023-05-24T13:30:42","slug":"se-firmo-el-contrato-de-asistencia-tecnica-en-tributacion-internacional-por-parte-de-la-aeat-de-espana-y-la-dian","status":"publish","type":"post","link":"https:\/\/incp.org.co\/agendatributariaincp\/noticias\/2023\/05\/se-firmo-el-contrato-de-asistencia-tecnica-en-tributacion-internacional-por-parte-de-la-aeat-de-espana-y-la-dian\/","title":{"rendered":"Se firm\u00f3 el contrato de asistencia t\u00e9cnica en tributaci\u00f3n internacional por parte de la AEAT de Espa\u00f1a y la DIAN"},"content":{"rendered":"\n<p>Del pasado 15 al 19 de mayo, el Centro Interamericano de Administraciones (CIAT) y la Secretar\u00eda de Estado para Asuntos Econ\u00f3micos de Suiza suscribieron un contrato con expertos de la Agencia Estatal de Administraci\u00f3n Tributaria (AEAT) de Espa\u00f1a, mediante el cual se brindar\u00e1 asistencia t\u00e9cnica en tributaci\u00f3n internacional a la Direcci\u00f3n de Impuestos y Aduanas Nacionales (DIAN).<\/p>\n\n\n\n<p>El programa de asistencia tributaria se llevar\u00e1 a cabo durante los a\u00f1os 2023 y 2024 y permitir\u00e1 a los funcionarios de la Oficina de tributaci\u00f3n internacional, a los auditores de fiscalizaci\u00f3n internacional y a los funcionarios de las \u00e1reas jur\u00eddicas de la administraci\u00f3n tributaria y de las \u00e1reas de an\u00e1lisis de riesgos fortalecer capacidades en materia de precios de transferencia, en programas de acuerdos anticipados de precios de transferencia (APA) y en procedimientos de acuerdo mutuo (MAP), as\u00ed como obtener herramientas t\u00e9cnicas que permitan adelantar procesos de fiscalizaci\u00f3n, discusi\u00f3n y resoluci\u00f3n de conflictos s\u00f3lidos y con la calidad t\u00e9cnica requerida.<\/p>\n\n\n\n<p><strong>Redacci\u00f3n INCP<\/strong><\/p>\n","protected":false},"excerpt":{"rendered":"<p>Del pasado 15 al 19 de mayo, el Centro Interamericano de Administraciones (CIAT) y la Secretar\u00eda de Estado para Asuntos Econ\u00f3micos de Suiza suscribieron un contrato con expertos de la Agencia Estatal de Administraci\u00f3n Tributaria (AEAT) de Espa\u00f1a, mediante el cual se brindar\u00e1 asistencia t\u00e9cnica en tributaci\u00f3n internacional a la Direcci\u00f3n de Impuestos y Aduanas&hellip; <br \/> <a class=\"read-more\" href=\"https:\/\/incp.org.co\/agendatributariaincp\/noticias\/2023\/05\/se-firmo-el-contrato-de-asistencia-tecnica-en-tributacion-internacional-por-parte-de-la-aeat-de-espana-y-la-dian\/\">Read more<\/a><\/p>\n","protected":false},"author":17760,"featured_media":1041,"comment_status":"open","ping_status":"open","sticky":false,"template":"","format":"standard","meta":{"footnotes":""},"categories":[13],"tags":[],"class_list":["post-1040","post","type-post","status-publish","format-standard","has-post-thumbnail","hentry","category-noticias"],"_links":{"self":[{"href":"https:\/\/incp.org.co\/agendatributariaincp\/wp-json\/wp\/v2\/posts\/1040","targetHints":{"allow":["GET"]}}],"collection":[{"href":"https:\/\/incp.org.co\/agendatributariaincp\/wp-json\/wp\/v2\/posts"}],"about":[{"href":"https:\/\/incp.org.co\/agendatributariaincp\/wp-json\/wp\/v2\/types\/post"}],"author":[{"embeddable":true,"href":"https:\/\/incp.org.co\/agendatributariaincp\/wp-json\/wp\/v2\/users\/17760"}],"replies":[{"embeddable":true,"href":"https:\/\/incp.org.co\/agendatributariaincp\/wp-json\/wp\/v2\/comments?post=1040"}],"version-history":[{"count":1,"href":"https:\/\/incp.org.co\/agendatributariaincp\/wp-json\/wp\/v2\/posts\/1040\/revisions"}],"predecessor-version":[{"id":1042,"href":"https:\/\/incp.org.co\/agendatributariaincp\/wp-json\/wp\/v2\/posts\/1040\/revisions\/1042"}],"wp:featuredmedia":[{"embeddable":true,"href":"https:\/\/incp.org.co\/agendatributariaincp\/wp-json\/wp\/v2\/media\/1041"}],"wp:attachment":[{"href":"https:\/\/incp.org.co\/agendatributariaincp\/wp-json\/wp\/v2\/media?parent=1040"}],"wp:term":[{"taxonomy":"category","embeddable":true,"href":"https:\/\/incp.org.co\/agendatributariaincp\/wp-json\/wp\/v2\/categories?post=1040"},{"taxonomy":"post_tag","embeddable":true,"href":"https:\/\/incp.org.co\/agendatributariaincp\/wp-json\/wp\/v2\/tags?post=1040"}],"curies":[{"name":"wp","href":"https:\/\/api.w.org\/{rel}","templated":true}]}}