{"id":1050,"date":"2023-05-26T08:59:14","date_gmt":"2023-05-26T13:59:14","guid":{"rendered":"https:\/\/incp.org.co\/agendatributariaincp\/?p=1050"},"modified":"2023-05-26T08:59:15","modified_gmt":"2023-05-26T13:59:15","slug":"dian-se-refirio-a-la-permanencia-en-el-simple-de-los-profesionales-con-contratos-de-catedra","status":"publish","type":"post","link":"https:\/\/incp.org.co\/agendatributariaincp\/noticias\/2023\/05\/dian-se-refirio-a-la-permanencia-en-el-simple-de-los-profesionales-con-contratos-de-catedra\/","title":{"rendered":"DIAN se refiri\u00f3 a la permanencia en el SIMPLE de los profesionales con contratos de c\u00e1tedra"},"content":{"rendered":"\n<p>Por medio de Oficio 2556 del 25 de abril de 2023, la Direcci\u00f3n de Impuestos y Aduanas Nacionales (DIAN) dio respuesta, entre otras, a la siguiente inquietud en torno a la permanencia en el R\u00e9gimen Simple de Tributaci\u00f3n (SIMPLE) de los profesionales liberales que celebren contratos especiales como docentes de c\u00e1tedra:<\/p>\n\n\n\n<p><strong>\u00bfEst\u00e1n excluidos del SIMPLE los profesionales liberales que celebren contratos especiales de c\u00e1tedra y cuya actividad principal o predominante sea considerada empresarial para efectos fiscales?<\/strong><\/p>\n\n\n\n<p>Es de recordar que con la reforma tributaria \u2013 Ley 2277 de 2022- se incluyeron nuevas actividades econ\u00f3micas sujetas al SIMPLE, entre las que se encuentran las contempladas en el numeral 4 del art\u00edculo 908 del Estatuto Tributario (E.T.), relacionadas con la educaci\u00f3n, atenci\u00f3n a salud humana y de asistencia t\u00e9cnica. De conformidad con el numeral 3 del art\u00edculo 906 del E.T., las personas naturales residentes en el pa\u00eds que, en el desarrollo de sus actividades, cumplan con los elementos de un contrato de trabajo real o una relaci\u00f3n legal y reglamentaria de acuerdo con las leyes vigentes, no podr\u00e1n optar por el SIMPLE.<\/p>\n\n\n\n<p>Al respecto, la DIAN indic\u00f3 que, para efectos del SIMPLE, la actividad de educaci\u00f3n debe interpretarse en armon\u00eda con el numeral 1 del art\u00edculo 908 del E.T., el cual establece que podr\u00e1 ser sujeto pasivo de este r\u00e9gimen la persona natural que desarrolle una empresa o una persona natural, nacional o extranjera que resida en Colombia y sea socio, participe o accionista de una persona jur\u00eddica. Ahora, conforme al art\u00edculo 1.5.8.1.6. del <a href=\"https:\/\/www.suin-juriscol.gov.co\/viewDocument.asp?ruta=Decretos\/30030361\">Decreto 1625 de 2016<\/a> se considera que una persona natural desarrolla una empresa cuando:<\/p>\n\n\n\n<ol class=\"wp-block-list\" type=\"1\">\n<li>Desarrolla una actividad econ\u00f3mica en ejercicio de la libertad de empresa e iniciativa privada.<\/li>\n\n\n\n<li>Ejerce su actividad econ\u00f3mica con criterios empresariales, es decir, en su actividad no se configuran los elementos propios de una relaci\u00f3n laboral o legal y reglamentaria de acuerdo con la normatividad vigente.<\/li>\n<\/ol>\n\n\n\n<p>Por otro lado, los elementos que componen un contrato de trabajo, conforme al art\u00edculo 23 del C\u00f3digo Sustantivo del Trabajo, son:<\/p>\n\n\n\n<ul class=\"wp-block-list\">\n<li>La actividad personal del trabajador, es decir, realizada por s\u00ed mismo.<\/li>\n\n\n\n<li>La continuada subordinaci\u00f3n o dependencia del trabajador respecto del empleador, la cual lo faculta para exigirle el cumplimiento de \u00f3rdenes, en cualquier momento, en cuanto al modo, tiempo o cantidad de trabajo, e imponerle reglamentos que se deber\u00e1n mantener a lo largo de la duraci\u00f3n del contrato.<\/li>\n\n\n\n<li>Un salario como retribuci\u00f3n del servicio.<\/li>\n<\/ul>\n\n\n\n<p>As\u00ed las cosas, siempre que los elementos del contrato de trabajo en menci\u00f3n est\u00e9n presentes en el ejercicio de la actividad -en este caso la educaci\u00f3n- del profesional liberal, este <strong>no podr\u00e1 optar<\/strong> por el SIMPLE.<\/p>\n\n\n\n<p>Para m\u00e1s informaci\u00f3n, consulte el documento a continuaci\u00f3n.<\/p>\n\n\n\n<p>Ver: <a href=\"https:\/\/incp.org.co\/wp-content\/uploads\/2023\/05\/Oficio-2556-\u2013-2023-DIAN.pdf\" target=\"_blank\" rel=\"noreferrer noopener\">Oficio 2556 \u2013 2023 &#8211; DIAN<\/a><\/p>\n\n\n\n<p><strong>Redacci\u00f3n INCP<\/strong><\/p>\n","protected":false},"excerpt":{"rendered":"<p>Por medio de Oficio 2556 del 25 de abril de 2023, la Direcci\u00f3n de Impuestos y Aduanas Nacionales (DIAN) dio respuesta, entre otras, a la siguiente inquietud en torno a la permanencia en el R\u00e9gimen Simple de Tributaci\u00f3n (SIMPLE) de los profesionales liberales que celebren contratos especiales como docentes de c\u00e1tedra: \u00bfEst\u00e1n excluidos del SIMPLE&hellip; <br \/> <a class=\"read-more\" href=\"https:\/\/incp.org.co\/agendatributariaincp\/noticias\/2023\/05\/dian-se-refirio-a-la-permanencia-en-el-simple-de-los-profesionales-con-contratos-de-catedra\/\">Read more<\/a><\/p>\n","protected":false},"author":17760,"featured_media":1051,"comment_status":"open","ping_status":"open","sticky":false,"template":"","format":"standard","meta":{"footnotes":""},"categories":[13],"tags":[],"class_list":["post-1050","post","type-post","status-publish","format-standard","has-post-thumbnail","hentry","category-noticias"],"_links":{"self":[{"href":"https:\/\/incp.org.co\/agendatributariaincp\/wp-json\/wp\/v2\/posts\/1050","targetHints":{"allow":["GET"]}}],"collection":[{"href":"https:\/\/incp.org.co\/agendatributariaincp\/wp-json\/wp\/v2\/posts"}],"about":[{"href":"https:\/\/incp.org.co\/agendatributariaincp\/wp-json\/wp\/v2\/types\/post"}],"author":[{"embeddable":true,"href":"https:\/\/incp.org.co\/agendatributariaincp\/wp-json\/wp\/v2\/users\/17760"}],"replies":[{"embeddable":true,"href":"https:\/\/incp.org.co\/agendatributariaincp\/wp-json\/wp\/v2\/comments?post=1050"}],"version-history":[{"count":1,"href":"https:\/\/incp.org.co\/agendatributariaincp\/wp-json\/wp\/v2\/posts\/1050\/revisions"}],"predecessor-version":[{"id":1052,"href":"https:\/\/incp.org.co\/agendatributariaincp\/wp-json\/wp\/v2\/posts\/1050\/revisions\/1052"}],"wp:featuredmedia":[{"embeddable":true,"href":"https:\/\/incp.org.co\/agendatributariaincp\/wp-json\/wp\/v2\/media\/1051"}],"wp:attachment":[{"href":"https:\/\/incp.org.co\/agendatributariaincp\/wp-json\/wp\/v2\/media?parent=1050"}],"wp:term":[{"taxonomy":"category","embeddable":true,"href":"https:\/\/incp.org.co\/agendatributariaincp\/wp-json\/wp\/v2\/categories?post=1050"},{"taxonomy":"post_tag","embeddable":true,"href":"https:\/\/incp.org.co\/agendatributariaincp\/wp-json\/wp\/v2\/tags?post=1050"}],"curies":[{"name":"wp","href":"https:\/\/api.w.org\/{rel}","templated":true}]}}