{"id":1054,"date":"2023-05-29T08:14:10","date_gmt":"2023-05-29T13:14:10","guid":{"rendered":"https:\/\/incp.org.co\/agendatributariaincp\/?p=1054"},"modified":"2023-05-29T08:14:11","modified_gmt":"2023-05-29T13:14:11","slug":"dian-se-refirio-al-impuesto-nacional-sobre-productos-plasticos-de-un-solo-uso-2","status":"publish","type":"post","link":"https:\/\/incp.org.co\/agendatributariaincp\/noticias\/2023\/05\/dian-se-refirio-al-impuesto-nacional-sobre-productos-plasticos-de-un-solo-uso-2\/","title":{"rendered":"DIAN se refiri\u00f3 al impuesto nacional sobre productos pl\u00e1sticos de un solo uso"},"content":{"rendered":"\n<p>Mediante el Oficio 2718 del 2 de mayo de 2023, la Direcci\u00f3n de Impuestos y Aduanas Nacionales (DIAN) resolvi\u00f3, entre otras, las siguientes preguntas relacionadas con el impuesto nacional sobre productos pl\u00e1sticos de un solo uso utilizados para envasar, embalar o empacar bienes:<\/p>\n\n\n\n<p><strong>\u00bfSobre qu\u00e9 tipo de pl\u00e1sticos es aplicable el impuesto?<\/strong><\/p>\n\n\n\n<p>Conforme el art\u00edculo 51 de la reforma tributaria &#8211;<a href=\"https:\/\/incp.org.co\/wp-content\/uploads\/2022\/12\/Ley-2277-del-13-de-diciembre-de-2022.pdf\">Ley 2277 de 2022<\/a>-, se precisa que el impuesto recae sobre los productos pl\u00e1sticos de un solo uso que son utilizados para envasar, embalar o empacar bienes. Cabe mencionar que los productos pl\u00e1sticos de un solo uso deben ser entendidos como aquellos que no est\u00e1n dise\u00f1ados para realizar m\u00faltiples usos a lo largo de su ciclo de vida. Es decir, que est\u00e1n concebidos para ser utilizados una sola vez y tienen una vida \u00fatil corta.<\/p>\n\n\n\n<p><strong>\u00bfCu\u00e1ntas veces sobre un kilogramo se cobra el impuesto (ya que el pl\u00e1stico normalmente hace parte de una cadena como puede ser la del empaque o envase, entre otras)?<\/strong><\/p>\n\n\n\n<p>Reafirmando lo expuesto en el <a href=\"https:\/\/incp.org.co\/dian-se-refirio-al-impuesto-nacional-sobre-productos-plasticos-de-un-solo-uso\/\">Concepto General 100208192-91 de 2023<\/a>, la DIAN se\u00f1ala que este impuesto es monof\u00e1sico de primera etapa, puesto que se causa en la venta o retiro para consumo realizado por el productor o en la importaci\u00f3n para consumo propio. En otros t\u00e9rminos, se causa en una \u00fanica oportunidad en la primera operaci\u00f3n econ\u00f3mica que ocurra.<\/p>\n\n\n\n<p><strong>\u00bfEs deducible como el IVA o c\u00f3mo es su comportamiento? \u00bfSi no es descontable como el IVA, c\u00f3mo se debe colocar en la factura para hacer su respectivo cobro y c\u00f3mo eso me impacta en renta?<\/strong><\/p>\n\n\n\n<p>Seg\u00fan el art\u00edculo 52 de la Ley 2277 de 2022, este impuesto no es deducible en el impuesto sobre la renta y complementarios. Por otro lado, conforme al art\u00edculo 617 del Estatuto Tributario (E.T.), el impuesto nacional sobre productos pl\u00e1sticos de un solo uso utilizados para envasar, embalar o empacar bienes se puede informar, pero no discriminar, en la factura de venta.<\/p>\n\n\n\n<p>Para m\u00e1s informaci\u00f3n, consulte el oficio a continuaci\u00f3n.<\/p>\n\n\n\n<p>Ver: <a href=\"https:\/\/incp.org.co\/wp-content\/uploads\/2023\/05\/Oficio-2718-\u2013-2023-DIAN.pdf\" target=\"_blank\" rel=\"noreferrer noopener\">Oficio 2718 \u2013 2023 &#8211; DIAN<\/a><\/p>\n\n\n\n<p><strong>Redacci\u00f3n INCP<\/strong><\/p>\n","protected":false},"excerpt":{"rendered":"<p>Mediante el Oficio 2718 del 2 de mayo de 2023, la Direcci\u00f3n de Impuestos y Aduanas Nacionales (DIAN) resolvi\u00f3, entre otras, las siguientes preguntas relacionadas con el impuesto nacional sobre productos pl\u00e1sticos de un solo uso utilizados para envasar, embalar o empacar bienes: \u00bfSobre qu\u00e9 tipo de pl\u00e1sticos es aplicable el impuesto? Conforme el art\u00edculo&hellip; <br \/> <a class=\"read-more\" href=\"https:\/\/incp.org.co\/agendatributariaincp\/noticias\/2023\/05\/dian-se-refirio-al-impuesto-nacional-sobre-productos-plasticos-de-un-solo-uso-2\/\">Read more<\/a><\/p>\n","protected":false},"author":17760,"featured_media":1055,"comment_status":"open","ping_status":"open","sticky":false,"template":"","format":"standard","meta":{"footnotes":""},"categories":[13],"tags":[],"class_list":["post-1054","post","type-post","status-publish","format-standard","has-post-thumbnail","hentry","category-noticias"],"_links":{"self":[{"href":"https:\/\/incp.org.co\/agendatributariaincp\/wp-json\/wp\/v2\/posts\/1054","targetHints":{"allow":["GET"]}}],"collection":[{"href":"https:\/\/incp.org.co\/agendatributariaincp\/wp-json\/wp\/v2\/posts"}],"about":[{"href":"https:\/\/incp.org.co\/agendatributariaincp\/wp-json\/wp\/v2\/types\/post"}],"author":[{"embeddable":true,"href":"https:\/\/incp.org.co\/agendatributariaincp\/wp-json\/wp\/v2\/users\/17760"}],"replies":[{"embeddable":true,"href":"https:\/\/incp.org.co\/agendatributariaincp\/wp-json\/wp\/v2\/comments?post=1054"}],"version-history":[{"count":1,"href":"https:\/\/incp.org.co\/agendatributariaincp\/wp-json\/wp\/v2\/posts\/1054\/revisions"}],"predecessor-version":[{"id":1056,"href":"https:\/\/incp.org.co\/agendatributariaincp\/wp-json\/wp\/v2\/posts\/1054\/revisions\/1056"}],"wp:featuredmedia":[{"embeddable":true,"href":"https:\/\/incp.org.co\/agendatributariaincp\/wp-json\/wp\/v2\/media\/1055"}],"wp:attachment":[{"href":"https:\/\/incp.org.co\/agendatributariaincp\/wp-json\/wp\/v2\/media?parent=1054"}],"wp:term":[{"taxonomy":"category","embeddable":true,"href":"https:\/\/incp.org.co\/agendatributariaincp\/wp-json\/wp\/v2\/categories?post=1054"},{"taxonomy":"post_tag","embeddable":true,"href":"https:\/\/incp.org.co\/agendatributariaincp\/wp-json\/wp\/v2\/tags?post=1054"}],"curies":[{"name":"wp","href":"https:\/\/api.w.org\/{rel}","templated":true}]}}