{"id":1060,"date":"2023-05-31T08:37:18","date_gmt":"2023-05-31T13:37:18","guid":{"rendered":"https:\/\/incp.org.co\/agendatributariaincp\/?p=1060"},"modified":"2023-05-31T08:37:19","modified_gmt":"2023-05-31T13:37:19","slug":"nuevas-medidas-para-mitigar-los-efectos-de-la-emergencia-vial-de-la-panamericana","status":"publish","type":"post","link":"https:\/\/incp.org.co\/agendatributariaincp\/noticias\/2023\/05\/nuevas-medidas-para-mitigar-los-efectos-de-la-emergencia-vial-de-la-panamericana\/","title":{"rendered":"Nuevas medidas para mitigar los efectos de la emergencia vial de la Panamericana"},"content":{"rendered":"\n<p>Atendiendo a la emergencia vial ocurrida el pasado 9 de enero sobre la v\u00eda Panamericana que a\u00fan afecta la normalidad del desarrollo econ\u00f3mico de los departamentos del Cauca y Nari\u00f1o, la Direcci\u00f3n de Impuestos y Aduanas Nacionales (DIAN) emiti\u00f3 un proyecto de resoluci\u00f3n* por medio del cual busca la facilitaci\u00f3n y control de las operaciones aduaneras y de comercio exterior viabilizando algunas importaciones por la jurisdicci\u00f3n aduanera de la Direcci\u00f3n Seccional de Impuestos y Aduanas de Puerto As\u00eds, que antes de la emergencia se realizaban por la Direcci\u00f3n Seccional de Impuestos y Aduanas de Ipiales. Esta medida procura evitar mayores impactos en la econom\u00eda, la competitividad del pa\u00eds y deficiencias en las cadenas de suministro y abastecimiento.<\/p>\n\n\n\n<p>En concreto, este proyecto adicionar\u00eda un par\u00e1grafo transitorio al art\u00edculo 125 de la <a href=\"https:\/\/normograma.dian.gov.co\/dian\/compilacion\/docs\/resolucion_dian_0046_2019.htm\">Resoluci\u00f3n 0000046 de 2019<\/a> estableciendo que \u201c<em>la importaci\u00f3n de materias textiles y sus manufacturas, clasificables en la Secci\u00f3n XI- Cap\u00edtulos 50 a 64 del Arancel de Aduanas, podr\u00e1 realizarse por el cruce de frontera de la jurisdicci\u00f3n de la Direcci\u00f3n Seccional de Impuestos y Aduanas de Puerto As\u00eds (Putumayo). Lo anterior se aplica igualmente a las importaciones de mercanc\u00edas procedentes de las Zonas Francas permanentes<\/em>\u201d.<\/p>\n\n\n\n<p>Es de recalcar que, actualmente, la Direcci\u00f3n Seccional de Impuestos y Aduanas de Puerto As\u00eds se encuentra autorizada para permitir el acceso de maquinaria y los componentes que sean utilizados exclusivamente en proyectos de construcci\u00f3n de carreteras. Por lo que, dicha direcci\u00f3n, podr\u00e1 ejercer los controles necesarios a la importaci\u00f3n, con el fin de garantizar que estas mercanc\u00edas se destinen para el prop\u00f3sito exclusivo que requieran las obras de infraestructura vial.<\/p>\n\n\n\n<p>De ser emitida, la vigencia de la resoluci\u00f3n en menci\u00f3n iniciar\u00eda seis meses despu\u00e9s de la promulgaci\u00f3n de esta en el Diario Oficial.<\/p>\n\n\n\n<p>Usted podr\u00e1 enviar sus comentarios al proyecto hasta el 1 de junio de 2023 a trav\u00e9s del buz\u00f3n <a href=\"mailto:Sub_Operacion_aduanera@dian.gov.co\">Sub_Operacion_aduanera@dian.gov.co<\/a>.<\/p>\n\n\n\n<p>Para m\u00e1s informaci\u00f3n, consulte el documento a continuaci\u00f3n.<\/p>\n\n\n\n<p>Ver: <a href=\"https:\/\/incp.org.co\/wp-content\/uploads\/2023\/05\/Proyecto-de-resolucion-DIAN.pdf\" target=\"_blank\" rel=\"noreferrer noopener\">Proyecto de resoluci\u00f3n &#8211; DIAN<\/a><\/p>\n\n\n\n<p><sub>*<em>\u201d Por la cual se autorizan temporalmente operaciones de comercio exterior por la jurisdicci\u00f3n aduanera de la Direcci\u00f3n Seccional de Impuestos y Aduanas de Puerto As\u00eds, adicionando un par\u00e1grafo transitorio al art\u00edculo 125 de la Resoluci\u00f3n 46 de 2019\u201d.<\/em><\/sub><\/p>\n\n\n\n<p><strong>Redacci\u00f3n INCP<\/strong><\/p>\n","protected":false},"excerpt":{"rendered":"<p>Atendiendo a la emergencia vial ocurrida el pasado 9 de enero sobre la v\u00eda Panamericana que a\u00fan afecta la normalidad del desarrollo econ\u00f3mico de los departamentos del Cauca y Nari\u00f1o, la Direcci\u00f3n de Impuestos y Aduanas Nacionales (DIAN) emiti\u00f3 un proyecto de resoluci\u00f3n* por medio del cual busca la facilitaci\u00f3n y control de las operaciones&hellip; <br \/> <a class=\"read-more\" href=\"https:\/\/incp.org.co\/agendatributariaincp\/noticias\/2023\/05\/nuevas-medidas-para-mitigar-los-efectos-de-la-emergencia-vial-de-la-panamericana\/\">Read more<\/a><\/p>\n","protected":false},"author":17760,"featured_media":1061,"comment_status":"open","ping_status":"open","sticky":false,"template":"","format":"standard","meta":{"footnotes":""},"categories":[13],"tags":[],"class_list":["post-1060","post","type-post","status-publish","format-standard","has-post-thumbnail","hentry","category-noticias"],"_links":{"self":[{"href":"https:\/\/incp.org.co\/agendatributariaincp\/wp-json\/wp\/v2\/posts\/1060","targetHints":{"allow":["GET"]}}],"collection":[{"href":"https:\/\/incp.org.co\/agendatributariaincp\/wp-json\/wp\/v2\/posts"}],"about":[{"href":"https:\/\/incp.org.co\/agendatributariaincp\/wp-json\/wp\/v2\/types\/post"}],"author":[{"embeddable":true,"href":"https:\/\/incp.org.co\/agendatributariaincp\/wp-json\/wp\/v2\/users\/17760"}],"replies":[{"embeddable":true,"href":"https:\/\/incp.org.co\/agendatributariaincp\/wp-json\/wp\/v2\/comments?post=1060"}],"version-history":[{"count":1,"href":"https:\/\/incp.org.co\/agendatributariaincp\/wp-json\/wp\/v2\/posts\/1060\/revisions"}],"predecessor-version":[{"id":1062,"href":"https:\/\/incp.org.co\/agendatributariaincp\/wp-json\/wp\/v2\/posts\/1060\/revisions\/1062"}],"wp:featuredmedia":[{"embeddable":true,"href":"https:\/\/incp.org.co\/agendatributariaincp\/wp-json\/wp\/v2\/media\/1061"}],"wp:attachment":[{"href":"https:\/\/incp.org.co\/agendatributariaincp\/wp-json\/wp\/v2\/media?parent=1060"}],"wp:term":[{"taxonomy":"category","embeddable":true,"href":"https:\/\/incp.org.co\/agendatributariaincp\/wp-json\/wp\/v2\/categories?post=1060"},{"taxonomy":"post_tag","embeddable":true,"href":"https:\/\/incp.org.co\/agendatributariaincp\/wp-json\/wp\/v2\/tags?post=1060"}],"curies":[{"name":"wp","href":"https:\/\/api.w.org\/{rel}","templated":true}]}}