{"id":1063,"date":"2023-06-01T08:49:48","date_gmt":"2023-06-01T13:49:48","guid":{"rendered":"https:\/\/incp.org.co\/agendatributariaincp\/?p=1063"},"modified":"2023-06-01T08:49:50","modified_gmt":"2023-06-01T13:49:50","slug":"dian-realizo-una-tercera-adicion-al-concepto-general-sobre-procedimiento-tributario","status":"publish","type":"post","link":"https:\/\/incp.org.co\/agendatributariaincp\/noticias\/2023\/06\/dian-realizo-una-tercera-adicion-al-concepto-general-sobre-procedimiento-tributario\/","title":{"rendered":"DIAN realiz\u00f3 una tercera adici\u00f3n al concepto general sobre procedimiento tributario"},"content":{"rendered":"\n<p>Por medio del Concepto 100208192-620 del 29 de mayo de 2023, la Direcci\u00f3n de Impuestos y Aduanas Nacionales (DIAN) realiz\u00f3 una tercera adici\u00f3n al <a href=\"https:\/\/incp.org.co\/concepto-de-la-dian-sobre-procedimiento-tributario-con-motivo-de-la-ley-2277-de-2022\/\">Concepto General<\/a> en materia de procedimiento tributario, respondiendo a las siguientes cuestiones con relaci\u00f3n a la tasa de inter\u00e9s moratorio con motivo de la <a href=\"https:\/\/incp.org.co\/sancionada-la-ley-de-la-reforma-tributaria\/\">Ley 2277 de 2022<\/a>:<\/p>\n\n\n\n<p><strong>Para efectos de la aplicaci\u00f3n del art\u00edculo 91 de la Ley 2277 de 2022 \u00bfla tasa de inter\u00e9s de mora que se debe tener en cuenta es la vigente al momento en el que se incurre en mora o la vigente al momento del pago?<\/strong><\/p>\n\n\n\n<p>En armon\u00eda con los art\u00edculos 234 y 635 del Estatuto Tributario (E.T.), los intereses moratorios se liquidar\u00e1n a la tasa vigente al momento en que se efect\u00faa el pago correspondiente.<\/p>\n\n\n\n<p><strong>La reducci\u00f3n al 50 % de la tasa de inter\u00e9s establecida en el art\u00edculo 635 del Estatuto Tributario \u00bfes aplicable solo sobre los intereses de mora causados a partir de la fecha de entrada en vigencia de la Ley 2277 de 2022 o cobija los intereses de mora causados con anterioridad?<\/strong><\/p>\n\n\n\n<p>La reducci\u00f3n del 50 % de la tasa de inter\u00e9s moratoria establecida por el art\u00edculo 91 de la Ley 2277 de 2022, cobija por igual los intereses de mora causados con anterioridad y posterioridad a la entrada en vigor de dicha Ley -13 de diciembre de 2022-. Esto a raz\u00f3n de la f\u00f3rmula destinada por el art\u00edculo 590 del E.T. para liquidar los intereses en cuesti\u00f3n: (K x T x t), donde <em>t<\/em> representa el n\u00famero de d\u00edas calendario de mora <strong>desde la fecha en que se debi\u00f3 realizar el pago<\/strong>.<\/p>\n\n\n\n<p><strong>\u00bfEs aplicable la reducci\u00f3n transitoria de sanciones y de tasa de inter\u00e9s, contemplada en el art\u00edculo 93 de la Ley 2277 de 2022, sobre los mayores valores por concepto de tributos aduaneros y sanci\u00f3n liquidada como consecuencia de la correcci\u00f3n de una declaraci\u00f3n de importaci\u00f3n?<\/strong><\/p>\n\n\n\n<p>Recordemos que el art\u00edculo 93 de la Ley 2277 de 2022 otorga una reducci\u00f3n del 60 % en la sanci\u00f3n de extemporaneidad dispuesta en los art\u00edculos 641 y 640 del Estatuto Tributario (E.T.) y en los intereses de mora establecidos en el art\u00edculo 635 del E.T para que los contribuyentes que no hayan presentado las <strong>declaraciones tributarias<\/strong> a las que estaban obligados a 31 de diciembre de 2022, al igual que para los contribuyentes que realicen correcciones de las declaraciones que presenten inexactitudes.<\/p>\n\n\n\n<p>Es de precisar que esta reducci\u00f3n est\u00e1 destinada para las obligaciones de car\u00e1cter tributario, mas no para las de car\u00e1cter aduanero. Por lo tanto, no es aplicable la reducci\u00f3n en este caso particular.<\/p>\n\n\n\n<p>Para m\u00e1s informaci\u00f3n, consulte el concepto a continuaci\u00f3n.<\/p>\n\n\n\n<p>Ver: <a href=\"https:\/\/incp.org.co\/wp-content\/uploads\/2023\/06\/Concepto-100208192-620-2023-DIAN.pdf\" target=\"_blank\" rel=\"noreferrer noopener\">Concepto 100208192-620 &#8211; 2023- DIAN <\/a><\/p>\n\n\n\n<p><strong>Redacci\u00f3n INCP<\/strong><\/p>\n","protected":false},"excerpt":{"rendered":"<p>Por medio del Concepto 100208192-620 del 29 de mayo de 2023, la Direcci\u00f3n de Impuestos y Aduanas Nacionales (DIAN) realiz\u00f3 una tercera adici\u00f3n al Concepto General en materia de procedimiento tributario, respondiendo a las siguientes cuestiones con relaci\u00f3n a la tasa de inter\u00e9s moratorio con motivo de la Ley 2277 de 2022: Para efectos de&hellip; <br \/> <a class=\"read-more\" href=\"https:\/\/incp.org.co\/agendatributariaincp\/noticias\/2023\/06\/dian-realizo-una-tercera-adicion-al-concepto-general-sobre-procedimiento-tributario\/\">Read more<\/a><\/p>\n","protected":false},"author":17760,"featured_media":1064,"comment_status":"open","ping_status":"open","sticky":false,"template":"","format":"standard","meta":{"footnotes":""},"categories":[13],"tags":[],"class_list":["post-1063","post","type-post","status-publish","format-standard","has-post-thumbnail","hentry","category-noticias"],"_links":{"self":[{"href":"https:\/\/incp.org.co\/agendatributariaincp\/wp-json\/wp\/v2\/posts\/1063","targetHints":{"allow":["GET"]}}],"collection":[{"href":"https:\/\/incp.org.co\/agendatributariaincp\/wp-json\/wp\/v2\/posts"}],"about":[{"href":"https:\/\/incp.org.co\/agendatributariaincp\/wp-json\/wp\/v2\/types\/post"}],"author":[{"embeddable":true,"href":"https:\/\/incp.org.co\/agendatributariaincp\/wp-json\/wp\/v2\/users\/17760"}],"replies":[{"embeddable":true,"href":"https:\/\/incp.org.co\/agendatributariaincp\/wp-json\/wp\/v2\/comments?post=1063"}],"version-history":[{"count":1,"href":"https:\/\/incp.org.co\/agendatributariaincp\/wp-json\/wp\/v2\/posts\/1063\/revisions"}],"predecessor-version":[{"id":1065,"href":"https:\/\/incp.org.co\/agendatributariaincp\/wp-json\/wp\/v2\/posts\/1063\/revisions\/1065"}],"wp:featuredmedia":[{"embeddable":true,"href":"https:\/\/incp.org.co\/agendatributariaincp\/wp-json\/wp\/v2\/media\/1064"}],"wp:attachment":[{"href":"https:\/\/incp.org.co\/agendatributariaincp\/wp-json\/wp\/v2\/media?parent=1063"}],"wp:term":[{"taxonomy":"category","embeddable":true,"href":"https:\/\/incp.org.co\/agendatributariaincp\/wp-json\/wp\/v2\/categories?post=1063"},{"taxonomy":"post_tag","embeddable":true,"href":"https:\/\/incp.org.co\/agendatributariaincp\/wp-json\/wp\/v2\/tags?post=1063"}],"curies":[{"name":"wp","href":"https:\/\/api.w.org\/{rel}","templated":true}]}}