{"id":1079,"date":"2023-06-08T10:39:02","date_gmt":"2023-06-08T15:39:02","guid":{"rendered":"https:\/\/incp.org.co\/agendatributariaincp\/?p=1079"},"modified":"2023-06-08T10:39:03","modified_gmt":"2023-06-08T15:39:03","slug":"dian-emitio-concepto-sobre-el-limite-de-rentas-exentas-en-el-impuesto-sobre-la-renta-de-personas-naturales","status":"publish","type":"post","link":"https:\/\/incp.org.co\/agendatributariaincp\/noticias\/2023\/06\/dian-emitio-concepto-sobre-el-limite-de-rentas-exentas-en-el-impuesto-sobre-la-renta-de-personas-naturales\/","title":{"rendered":"DIAN emiti\u00f3 concepto sobre el l\u00edmite de rentas exentas en el impuesto sobre la renta de personas naturales"},"content":{"rendered":"\n<p>La Direcci\u00f3n de Impuestos y Aduanas Nacionales (DIAN) emiti\u00f3 el Concepto 100208192-624 del 31 de mayo de 2023 como adici\u00f3n al <a href=\"https:\/\/incp.org.co\/concepto-de-la-dian-sobre-el-impuesto-a-la-renta-de-personas-naturales\/\">Concepto General sobre el impuesto sobre la renta a cargo de las personas naturales<\/a> con motivo de la Ley 2277 de 2022. Esta adici\u00f3n resuelve la siguiente inquietud en torno al l\u00edmite de rentas exentas:<\/p>\n\n\n\n<p><strong>\u00bfSon aplicables los l\u00edmites contemplados en el numeral 3\u00b0 del art\u00edculo 336 del Estatuto Tributario (E.T.) -para la c\u00e9dula general- en relaci\u00f3n con los ingresos por concepto de pensiones?<\/strong><\/p>\n\n\n\n<p>Recordemos que el art\u00edculo 336 del E.T. establece la determinaci\u00f3n de la renta l\u00edquida gravable de la c\u00e9dula general. Por su parte, el numeral 3 del mismo art\u00edculo se\u00f1ala el l\u00edmite de rentas exentas y deducciones que pueden ser descontadas de la resta entre los ingresos obtenidos por todo concepto excepto los correspondientes a dividendos y ganancias ocasionales, y los ingresos no constitutivos de renta imputables.<\/p>\n\n\n\n<p>As\u00ed las cosas, la DIAN precisa que lo anterior no es aplicable para ingresos por concepto de pensiones, por cuanto el art\u00edculo 336 trata de la c\u00e9dula general, c\u00e9dula que contempla los ingresos de trabajo, de capital y no laborales. Por ende, el l\u00edmite del numeral 3 no puede ser aplicado para ingresos por conceptos de pensiones.<\/p>\n\n\n\n<p>En cuanto a los ingresos de la c\u00e9dula de pensiones, este tema se encuentra se\u00f1alado en el art\u00edculo 337 del E.T., el cual establece que se considerar\u00e1n en esta c\u00e9dula las pensiones de jubilaci\u00f3n, invalidez, vejez, de sobrevivientes y sobre riesgos laborales, as\u00ed como aquellos ingresos provenientes de indemnizaciones sustitutivas de las pensiones o devoluciones de saldos de ahorro pensional. La renta l\u00edquida de la c\u00e9dula de pensiones resultar\u00e1 de la siguiente operaci\u00f3n:<\/p>\n\n\n\n<p><strong><em>Total de ingresos por pensiones \u2013 ingresos no constitutivos de renta y las rentas exentas<\/em><\/strong><\/p>\n\n\n\n<p>Es de recordar que en el numeral 5 del art\u00edculo 206 del E.T. se indica que est\u00e1n exentas hasta por 12.000 UVT las rentas de pensiones de jubilaci\u00f3n, invalidez, vejez, de sobrevivientes y sobre riesgos profesionales.<\/p>\n\n\n\n<p>Para m\u00e1s informaci\u00f3n, consulte el documento a continuaci\u00f3n.<\/p>\n\n\n\n<p>Ver: <a href=\"https:\/\/incp.org.co\/wp-content\/uploads\/2023\/06\/Concepto-100208192-624-de-2023-\u2013-DIAN.pdf\" target=\"_blank\" rel=\"noreferrer noopener\">Concepto 100208192-624 de 2023 \u2013 DIAN<\/a><\/p>\n\n\n\n<p><strong>Redacci\u00f3n INCP<\/strong><\/p>\n","protected":false},"excerpt":{"rendered":"<p>La Direcci\u00f3n de Impuestos y Aduanas Nacionales (DIAN) emiti\u00f3 el Concepto 100208192-624 del 31 de mayo de 2023 como adici\u00f3n al Concepto General sobre el impuesto sobre la renta a cargo de las personas naturales con motivo de la Ley 2277 de 2022. Esta adici\u00f3n resuelve la siguiente inquietud en torno al l\u00edmite de rentas&hellip; <br \/> <a class=\"read-more\" href=\"https:\/\/incp.org.co\/agendatributariaincp\/noticias\/2023\/06\/dian-emitio-concepto-sobre-el-limite-de-rentas-exentas-en-el-impuesto-sobre-la-renta-de-personas-naturales\/\">Read more<\/a><\/p>\n","protected":false},"author":17760,"featured_media":1080,"comment_status":"open","ping_status":"open","sticky":false,"template":"","format":"standard","meta":{"footnotes":""},"categories":[13],"tags":[],"class_list":["post-1079","post","type-post","status-publish","format-standard","has-post-thumbnail","hentry","category-noticias"],"_links":{"self":[{"href":"https:\/\/incp.org.co\/agendatributariaincp\/wp-json\/wp\/v2\/posts\/1079","targetHints":{"allow":["GET"]}}],"collection":[{"href":"https:\/\/incp.org.co\/agendatributariaincp\/wp-json\/wp\/v2\/posts"}],"about":[{"href":"https:\/\/incp.org.co\/agendatributariaincp\/wp-json\/wp\/v2\/types\/post"}],"author":[{"embeddable":true,"href":"https:\/\/incp.org.co\/agendatributariaincp\/wp-json\/wp\/v2\/users\/17760"}],"replies":[{"embeddable":true,"href":"https:\/\/incp.org.co\/agendatributariaincp\/wp-json\/wp\/v2\/comments?post=1079"}],"version-history":[{"count":1,"href":"https:\/\/incp.org.co\/agendatributariaincp\/wp-json\/wp\/v2\/posts\/1079\/revisions"}],"predecessor-version":[{"id":1081,"href":"https:\/\/incp.org.co\/agendatributariaincp\/wp-json\/wp\/v2\/posts\/1079\/revisions\/1081"}],"wp:featuredmedia":[{"embeddable":true,"href":"https:\/\/incp.org.co\/agendatributariaincp\/wp-json\/wp\/v2\/media\/1080"}],"wp:attachment":[{"href":"https:\/\/incp.org.co\/agendatributariaincp\/wp-json\/wp\/v2\/media?parent=1079"}],"wp:term":[{"taxonomy":"category","embeddable":true,"href":"https:\/\/incp.org.co\/agendatributariaincp\/wp-json\/wp\/v2\/categories?post=1079"},{"taxonomy":"post_tag","embeddable":true,"href":"https:\/\/incp.org.co\/agendatributariaincp\/wp-json\/wp\/v2\/tags?post=1079"}],"curies":[{"name":"wp","href":"https:\/\/api.w.org\/{rel}","templated":true}]}}