{"id":1092,"date":"2023-06-09T08:18:55","date_gmt":"2023-06-09T13:18:55","guid":{"rendered":"https:\/\/incp.org.co\/agendatributariaincp\/?p=1092"},"modified":"2023-06-09T08:18:56","modified_gmt":"2023-06-09T13:18:56","slug":"dian-realizo-adicion-a-su-concepto-unificado-sobre-facturacion-electronica","status":"publish","type":"post","link":"https:\/\/incp.org.co\/agendatributariaincp\/noticias\/2023\/06\/dian-realizo-adicion-a-su-concepto-unificado-sobre-facturacion-electronica\/","title":{"rendered":"DIAN realiz\u00f3 adici\u00f3n a su Concepto Unificado sobre facturaci\u00f3n electr\u00f3nica"},"content":{"rendered":"\n<p>Como adici\u00f3n al <a href=\"https:\/\/incp.org.co\/dian-emitio-concepto-unificado-sobre-facturacion-electronica\/\">Concepto Unificado No. 0106 de 2022 &#8211; Obligaci\u00f3n de facturar y sistema de factura electr\u00f3nica<\/a>, la Direcci\u00f3n de Impuestos y Aduanas Nacionales (DIAN) emiti\u00f3 el Concepto 100208192-604 del 23 de mayo de 2023 que resuelve las siguientes inquietudes en torno a los procesos de reorganizaci\u00f3n empresarial y la cesi\u00f3n de contratos de servicios de facturaci\u00f3n electr\u00f3nica entre proveedores tecnol\u00f3gicos:<\/p>\n\n\n\n<p><strong>Si una sociedad, que tiene la calidad de proveedor tecnol\u00f3gico, se escinde o fusiona \u00bflas sociedades resultantes de dicha escisi\u00f3n o fusi\u00f3n deben nuevamente obtener la habilitaci\u00f3n para obrar como proveedores tecnol\u00f3gicos?<\/strong><strong><\/strong><\/p>\n\n\n\n<p>El art\u00edculo 616-4 del Estatuto Tributario se\u00f1ala que la habilitaci\u00f3n de proveedor electr\u00f3nico es otorgada por la DIAN, la cual debe ser solicitada conforme al procedimiento dispuesto en el art\u00edculo 22 de la <a href=\"https:\/\/www.dian.gov.co\/normatividad\/Normatividad\/Resoluci%C3%B3n%20000042%20de%2005-05-2020.pdf\">Resoluci\u00f3n 000042 de 2020<\/a> y en cumplimiento de los requisitos contemplados en el art\u00edculo 51 de la citada norma. Adem\u00e1s, precisa que la habilitaci\u00f3n como proveedor tecnol\u00f3gico es de car\u00e1cter individual.<\/p>\n\n\n\n<p>En concordancia con el par\u00e1grafo 2 del art\u00edculo 1.6.1.4.24. del <a href=\"https:\/\/www.suin-juriscol.gov.co\/viewDocument.asp?ruta=Decretos\/30030361\">Decreto 1625 de 2016<\/a> y el art\u00edculo 51 de la <a href=\"https:\/\/www.dian.gov.co\/normatividad\/Normatividad\/Resoluci%C3%B3n%20000042%20de%2005-05-2020.pdf\">Resoluci\u00f3n 000042 de 2020<\/a>, los proveedores tecnol\u00f3gicos no pueden ceder la habilitaci\u00f3n y\/o renovaci\u00f3n otorgada por la DIAN. Por lo tanto, cuando se trate de procesos de reorganizaci\u00f3n empresarial que impliquen la extinci\u00f3n de la sociedad, las sociedades que resulten de dichos procesos deben solicitar de manera individual su habilitaci\u00f3n como proveedores tecnol\u00f3gicos cumpliendo los requisitos que dispone la norma. Es decir, que la transferencia patrimonial no traspasa consigo la habilitaci\u00f3n con la que cuenta el proveedor tecnol\u00f3gico que realiza el proceso de reorganizaci\u00f3n. Por otra parte, si el proceso de reorganizaci\u00f3n empresarial no implica la extinci\u00f3n de la sociedad que tiene la calidad de proveedor tecnol\u00f3gico, \u00e9sta deber\u00e1 evaluar y determinar si mantiene el cumplimiento de los requisitos.<\/p>\n\n\n\n<p><strong>\u00bfEs viable la cesi\u00f3n entre proveedores tecnol\u00f3gicos de los contratos de prestaci\u00f3n de servicios de facturaci\u00f3n electr\u00f3nica celebrados con los sujetos obligados a facturar electr\u00f3nicamente?<\/strong><strong><\/strong><\/p>\n\n\n\n<p>La DIAN indica que en la normativa tributaria no se contemplan restricciones que impidan la cesi\u00f3n de este tipo de contratos, por lo cual, se puede realizar. No obstante, para llevar a cabo el proceso las partes del contrato deben tener en cuenta los siguientes par\u00e1metros: definir los t\u00e9rminos en los que se consumar\u00e1 la cesi\u00f3n, el cesionario debe estar habilitado como proveedor tecnol\u00f3gico, en caso de que el cedente quiera dejar de operar como proveedor debe solicitar la cancelaci\u00f3n de su habilitaci\u00f3n, y el sujeto obligado a facturar deber\u00e1 adelantar nuevamente el procedimiento de habilitaci\u00f3n como facturador electr\u00f3nico.<\/p>\n\n\n\n<p>Para m\u00e1s informaci\u00f3n, consulte el documento a continuaci\u00f3n.<\/p>\n\n\n\n<p>Ver: <a href=\"https:\/\/incp.org.co\/wp-content\/uploads\/2023\/06\/Concepto-100208192-604-de-2023-DIAN.pdf\" target=\"_blank\" rel=\"noreferrer noopener\">Concepto 100208192-604 de 2023 &#8211; DIAN<\/a><\/p>\n\n\n\n<p><strong>Redacci\u00f3n INCP<\/strong><\/p>\n","protected":false},"excerpt":{"rendered":"<p>Como adici\u00f3n al Concepto Unificado No. 0106 de 2022 &#8211; Obligaci\u00f3n de facturar y sistema de factura electr\u00f3nica, la Direcci\u00f3n de Impuestos y Aduanas Nacionales (DIAN) emiti\u00f3 el Concepto 100208192-604 del 23 de mayo de 2023 que resuelve las siguientes inquietudes en torno a los procesos de reorganizaci\u00f3n empresarial y la cesi\u00f3n de contratos de&hellip; <br \/> <a class=\"read-more\" href=\"https:\/\/incp.org.co\/agendatributariaincp\/noticias\/2023\/06\/dian-realizo-adicion-a-su-concepto-unificado-sobre-facturacion-electronica\/\">Read more<\/a><\/p>\n","protected":false},"author":17760,"featured_media":1093,"comment_status":"open","ping_status":"open","sticky":false,"template":"","format":"standard","meta":{"footnotes":""},"categories":[13],"tags":[],"class_list":["post-1092","post","type-post","status-publish","format-standard","has-post-thumbnail","hentry","category-noticias"],"_links":{"self":[{"href":"https:\/\/incp.org.co\/agendatributariaincp\/wp-json\/wp\/v2\/posts\/1092","targetHints":{"allow":["GET"]}}],"collection":[{"href":"https:\/\/incp.org.co\/agendatributariaincp\/wp-json\/wp\/v2\/posts"}],"about":[{"href":"https:\/\/incp.org.co\/agendatributariaincp\/wp-json\/wp\/v2\/types\/post"}],"author":[{"embeddable":true,"href":"https:\/\/incp.org.co\/agendatributariaincp\/wp-json\/wp\/v2\/users\/17760"}],"replies":[{"embeddable":true,"href":"https:\/\/incp.org.co\/agendatributariaincp\/wp-json\/wp\/v2\/comments?post=1092"}],"version-history":[{"count":1,"href":"https:\/\/incp.org.co\/agendatributariaincp\/wp-json\/wp\/v2\/posts\/1092\/revisions"}],"predecessor-version":[{"id":1094,"href":"https:\/\/incp.org.co\/agendatributariaincp\/wp-json\/wp\/v2\/posts\/1092\/revisions\/1094"}],"wp:featuredmedia":[{"embeddable":true,"href":"https:\/\/incp.org.co\/agendatributariaincp\/wp-json\/wp\/v2\/media\/1093"}],"wp:attachment":[{"href":"https:\/\/incp.org.co\/agendatributariaincp\/wp-json\/wp\/v2\/media?parent=1092"}],"wp:term":[{"taxonomy":"category","embeddable":true,"href":"https:\/\/incp.org.co\/agendatributariaincp\/wp-json\/wp\/v2\/categories?post=1092"},{"taxonomy":"post_tag","embeddable":true,"href":"https:\/\/incp.org.co\/agendatributariaincp\/wp-json\/wp\/v2\/tags?post=1092"}],"curies":[{"name":"wp","href":"https:\/\/api.w.org\/{rel}","templated":true}]}}