{"id":1096,"date":"2023-06-21T11:33:04","date_gmt":"2023-06-21T16:33:04","guid":{"rendered":"https:\/\/incp.org.co\/agendatributariaincp\/?p=1096"},"modified":"2023-06-21T11:37:06","modified_gmt":"2023-06-21T16:37:06","slug":"informe-ocde-tendencias-tributarias-en-america-latina-y-el-caribe-2023","status":"publish","type":"post","link":"https:\/\/incp.org.co\/agendatributariaincp\/noticias\/2023\/06\/informe-ocde-tendencias-tributarias-en-america-latina-y-el-caribe-2023\/","title":{"rendered":"Informe OCDE: tendencias tributarias en Am\u00e9rica Latina y el Caribe 2023"},"content":{"rendered":"\n<p>La Organizaci\u00f3n para la Cooperaci\u00f3n y el Desarrollo Econ\u00f3micos (OCDE) public\u00f3 el informe \u201cEstad\u00edsticas tributarias en Am\u00e9rica Latina y el Caribe 2023\u201d, el cual proporciona informaci\u00f3n detallada y comparable a nivel internacional de los ingresos y tendencias tributarias de las 27 econom\u00edas de Am\u00e9rica Latina y del Caribe en el periodo 1990-2021.<\/p>\n\n\n\n<p>Este informe contiene dos secciones destacadas: 1) las tendencias de los ingresos fiscales generados por los recursos naturales agotables en la regi\u00f3n de Am\u00e9rica Latina y el Caribe durante los a\u00f1os 2021 y 2022; y 2) la medici\u00f3n y evaluaci\u00f3n de los beneficios tributarios en la regi\u00f3n.<\/p>\n\n\n\n<p>Para m\u00e1s informaci\u00f3n sobre el informe en menci\u00f3n, consulte el documento a continuaci\u00f3n.<\/p>\n\n\n\n<p>Ver:&nbsp;<a href=\"https:\/\/incp.org.co\/wp-content\/uploads\/2023\/06\/Estadisticas-tributarias-de-Latam-y-Caribe-OCDE.pdf\" target=\"_blank\" rel=\"noreferrer noopener\">Estad\u00edsticas tributarias de latam y Caribe \u2013 OCDE<\/a><\/p>\n\n\n\n<p><strong>Redacci\u00f3n INCP<\/strong><\/p>\n","protected":false},"excerpt":{"rendered":"<p>La Organizaci\u00f3n para la Cooperaci\u00f3n y el Desarrollo Econ\u00f3micos (OCDE) public\u00f3 el informe \u201cEstad\u00edsticas tributarias en Am\u00e9rica Latina y el Caribe 2023\u201d, el cual proporciona informaci\u00f3n detallada y comparable a nivel internacional de los ingresos y tendencias tributarias de las 27 econom\u00edas de Am\u00e9rica Latina y del Caribe en el periodo 1990-2021. Este informe contiene&hellip; <br \/> <a class=\"read-more\" href=\"https:\/\/incp.org.co\/agendatributariaincp\/noticias\/2023\/06\/informe-ocde-tendencias-tributarias-en-america-latina-y-el-caribe-2023\/\">Read more<\/a><\/p>\n","protected":false},"author":17760,"featured_media":1100,"comment_status":"open","ping_status":"open","sticky":false,"template":"","format":"standard","meta":{"footnotes":""},"categories":[13],"tags":[20,19],"class_list":["post-1096","post","type-post","status-publish","format-standard","has-post-thumbnail","hentry","category-noticias","tag-america-latina","tag-ocde"],"_links":{"self":[{"href":"https:\/\/incp.org.co\/agendatributariaincp\/wp-json\/wp\/v2\/posts\/1096","targetHints":{"allow":["GET"]}}],"collection":[{"href":"https:\/\/incp.org.co\/agendatributariaincp\/wp-json\/wp\/v2\/posts"}],"about":[{"href":"https:\/\/incp.org.co\/agendatributariaincp\/wp-json\/wp\/v2\/types\/post"}],"author":[{"embeddable":true,"href":"https:\/\/incp.org.co\/agendatributariaincp\/wp-json\/wp\/v2\/users\/17760"}],"replies":[{"embeddable":true,"href":"https:\/\/incp.org.co\/agendatributariaincp\/wp-json\/wp\/v2\/comments?post=1096"}],"version-history":[{"count":3,"href":"https:\/\/incp.org.co\/agendatributariaincp\/wp-json\/wp\/v2\/posts\/1096\/revisions"}],"predecessor-version":[{"id":1110,"href":"https:\/\/incp.org.co\/agendatributariaincp\/wp-json\/wp\/v2\/posts\/1096\/revisions\/1110"}],"wp:featuredmedia":[{"embeddable":true,"href":"https:\/\/incp.org.co\/agendatributariaincp\/wp-json\/wp\/v2\/media\/1100"}],"wp:attachment":[{"href":"https:\/\/incp.org.co\/agendatributariaincp\/wp-json\/wp\/v2\/media?parent=1096"}],"wp:term":[{"taxonomy":"category","embeddable":true,"href":"https:\/\/incp.org.co\/agendatributariaincp\/wp-json\/wp\/v2\/categories?post=1096"},{"taxonomy":"post_tag","embeddable":true,"href":"https:\/\/incp.org.co\/agendatributariaincp\/wp-json\/wp\/v2\/tags?post=1096"}],"curies":[{"name":"wp","href":"https:\/\/api.w.org\/{rel}","templated":true}]}}