{"id":1111,"date":"2023-06-21T11:43:02","date_gmt":"2023-06-21T16:43:02","guid":{"rendered":"https:\/\/incp.org.co\/agendatributariaincp\/?p=1111"},"modified":"2023-06-21T11:43:05","modified_gmt":"2023-06-21T16:43:05","slug":"dian-contara-con-un-nuevo-sistema-de-carrera","status":"publish","type":"post","link":"https:\/\/incp.org.co\/agendatributariaincp\/noticias\/2023\/06\/dian-contara-con-un-nuevo-sistema-de-carrera\/","title":{"rendered":"DIAN contar\u00e1 con un nuevo sistema de carrera"},"content":{"rendered":"\n<figure class=\"wp-block-embed is-type-rich is-provider-gestor-del-servicio wp-block-embed-gestor-del-servicio wp-embed-aspect-16-9 wp-has-aspect-ratio\"><div class=\"wp-block-embed__wrapper\">\n<div class='embed-container'><iframe loading=\"lazy\" title=\"DIAN contar\u00e1 con un nuevo sistema de carrera     INFO@INCP No 3566\" width=\"1920\" height=\"1080\" src=\"https:\/\/www.youtube.com\/embed\/Kkg4ns0i5iI?feature=oembed\" frameborder=\"0\" allow=\"accelerometer; autoplay; clipboard-write; encrypted-media; gyroscope; picture-in-picture; web-share\" allowfullscreen><\/iframe><\/div>\n<\/div><\/figure>\n\n\n\n<p>El Gobierno Nacional expidi\u00f3 el pasado 7 de junio el Decreto 0927 de 2023*, el cual le permite a la Direcci\u00f3n de Impuestos y Aduanas Nacionales (DIAN) tener un sistema de carrera de acuerdo con sus requerimientos. As\u00ed las cosas, los concursos anuales de m\u00e9rito para ingresar y ascender en posiciones dentro de la DIAN ser\u00e1n de car\u00e1cter obligatorio a partir de la fecha de publicaci\u00f3n del decreto en el diario oficial.<\/p>\n\n\n\n<p>Al respecto, el director general de la entidad, Luis Carlos Reyes Hern\u00e1ndez, expres\u00f3 que \u201cCon este decreto, la DIAN dar\u00e1 un giro de 180 grados en su sistema de carrera administrativa, con una planta de personal que permitir\u00e1 reducir la evasi\u00f3n y el contrabando\u00bb.<\/p>\n\n\n\n<p>Es de recordar que el Decreto 419 de 2023 cre\u00f3 10.207 nuevas vacantes, las cuales ser\u00e1n ocupadas por funcionarios que ingresar\u00e1n a la carrera por concurso de m\u00e9ritos. De esta manera, se pretende garantizar que lleguen los mejores funcionarios para cumplir con la misi\u00f3n de la entidad mejorando la capacidad institucional para aumentar el recaudo y el cierre de la brecha fiscal.<\/p>\n\n\n\n<p>Adem\u00e1s, por primera vez en un sistema de carrera administrativa del Estado colombiano, se establece el acoso sexual como una causal para no poder aspirar a cargos directivos.<\/p>\n\n\n\n<p>Para m\u00e1s informaci\u00f3n, consulte el documento a continuaci\u00f3n:<\/p>\n\n\n\n<p>Ver:&nbsp;<a href=\"https:\/\/incp.org.co\/wp-content\/uploads\/2023\/06\/Decreto_0927_de_2023.pdf\" target=\"_blank\" rel=\"noreferrer noopener\">Decreto 0927 de 2023<\/a><\/p>\n\n\n\n<p><em><u>*<\/u>\u201dPor el cual se modifica el Sistema Espec\u00edfico de Carrera de los empleados p\u00fablicos de la Unidad Administrativa Especial -DIAN y la regulaci\u00f3n de la administraci\u00f3n y gesti\u00f3n de su talento humano\u201d.<\/em><\/p>\n\n\n\n<p><strong>Redacci\u00f3n INCP<\/strong><\/p>\n","protected":false},"excerpt":{"rendered":"<p>El Gobierno Nacional expidi\u00f3 el pasado 7 de junio el Decreto 0927 de 2023*, el cual le permite a la Direcci\u00f3n de Impuestos y Aduanas Nacionales (DIAN) tener un sistema de carrera de acuerdo con sus requerimientos. As\u00ed las cosas, los concursos anuales de m\u00e9rito para ingresar y ascender en posiciones dentro de la DIAN&hellip; <br \/> <a class=\"read-more\" href=\"https:\/\/incp.org.co\/agendatributariaincp\/noticias\/2023\/06\/dian-contara-con-un-nuevo-sistema-de-carrera\/\">Read more<\/a><\/p>\n","protected":false},"author":20622,"featured_media":1113,"comment_status":"open","ping_status":"open","sticky":false,"template":"","format":"standard","meta":{"footnotes":""},"categories":[13],"tags":[],"class_list":["post-1111","post","type-post","status-publish","format-standard","has-post-thumbnail","hentry","category-noticias"],"_links":{"self":[{"href":"https:\/\/incp.org.co\/agendatributariaincp\/wp-json\/wp\/v2\/posts\/1111","targetHints":{"allow":["GET"]}}],"collection":[{"href":"https:\/\/incp.org.co\/agendatributariaincp\/wp-json\/wp\/v2\/posts"}],"about":[{"href":"https:\/\/incp.org.co\/agendatributariaincp\/wp-json\/wp\/v2\/types\/post"}],"author":[{"embeddable":true,"href":"https:\/\/incp.org.co\/agendatributariaincp\/wp-json\/wp\/v2\/users\/20622"}],"replies":[{"embeddable":true,"href":"https:\/\/incp.org.co\/agendatributariaincp\/wp-json\/wp\/v2\/comments?post=1111"}],"version-history":[{"count":1,"href":"https:\/\/incp.org.co\/agendatributariaincp\/wp-json\/wp\/v2\/posts\/1111\/revisions"}],"predecessor-version":[{"id":1114,"href":"https:\/\/incp.org.co\/agendatributariaincp\/wp-json\/wp\/v2\/posts\/1111\/revisions\/1114"}],"wp:featuredmedia":[{"embeddable":true,"href":"https:\/\/incp.org.co\/agendatributariaincp\/wp-json\/wp\/v2\/media\/1113"}],"wp:attachment":[{"href":"https:\/\/incp.org.co\/agendatributariaincp\/wp-json\/wp\/v2\/media?parent=1111"}],"wp:term":[{"taxonomy":"category","embeddable":true,"href":"https:\/\/incp.org.co\/agendatributariaincp\/wp-json\/wp\/v2\/categories?post=1111"},{"taxonomy":"post_tag","embeddable":true,"href":"https:\/\/incp.org.co\/agendatributariaincp\/wp-json\/wp\/v2\/tags?post=1111"}],"curies":[{"name":"wp","href":"https:\/\/api.w.org\/{rel}","templated":true}]}}