{"id":1115,"date":"2023-06-21T11:47:09","date_gmt":"2023-06-21T16:47:09","guid":{"rendered":"https:\/\/incp.org.co\/agendatributariaincp\/?p=1115"},"modified":"2023-06-21T11:47:11","modified_gmt":"2023-06-21T16:47:11","slug":"dian-se-refiere-al-hecho-generador-del-impuesto-sobre-productos-plasticos-de-un-solo-uso","status":"publish","type":"post","link":"https:\/\/incp.org.co\/agendatributariaincp\/noticias\/2023\/06\/dian-se-refiere-al-hecho-generador-del-impuesto-sobre-productos-plasticos-de-un-solo-uso\/","title":{"rendered":"Dian se refiere al hecho generador del impuesto sobre productos pl\u00e1sticos de un solo uso"},"content":{"rendered":"\n<p>La Direcci\u00f3n de Impuestos y Aduanas Nacionales (DIAN) emiti\u00f3 el Concepto 100202208-0729 del 30 de mayo de 2023 por medio del cual resolvi\u00f3, entre otras, la siguiente inquietud con relaci\u00f3n al hecho generador del impuesto nacional sobre productos pl\u00e1sticos de un solo uso utilizados para envasar, embalar o empacar bienes:<\/p>\n\n\n\n<p><strong><em>Solicito a su Despacho que se aclare la interpretaci\u00f3n y alcance que tiene la expresi\u00f3n \u201dimportaci\u00f3n para consumo propio\u201d contenida en el hecho generador definido en el art\u00edculo 51 de la Ley 2277 de 2022, aclarando que el hecho generador no abarca la importaci\u00f3n con fines de comercializaci\u00f3n a terceros en el territorio nacional<\/em><\/strong><\/p>\n\n\n\n<p>El art\u00edculo 51 de la Ley 2277 de 2022 establece que el hecho generador del impuesto \u201ces la venta, el retiro para consumo propio o la importaci\u00f3n para consumo propio de los productos pl\u00e1sticos de un solo uso utilizados para envasar, embalar o empacar bienes\u201d. La DIAN precisa que la importaci\u00f3n se encuentra calificada, contrario a la venta; es decir, que en el caso de la importaci\u00f3n se realizan precisiones para la generaci\u00f3n del impuesto como lo es precisamente el consumo propio, o, en otras palabras, cuando el producto pl\u00e1stico de un solo uso es utilizado para envasar, embalar o empacar bienes, no se vende.<\/p>\n\n\n\n<p>Cuando el producto se importe con el prop\u00f3sito de ser comercializado, primero se causar\u00e1 el impuesto (momento de la nacionalizaci\u00f3n) y luego se generar\u00e1 (momento de la venta). En otras palabras, se trata de un escenario en el que la causa del tributo ocurre antes de su generaci\u00f3n. As\u00ed pues, el hecho generador se da, en el caso en menci\u00f3n, cuando se comercializan productos pl\u00e1sticos importados de un solo uso para envasar, embalar o empacar bienes con terceros en el territorio nacional.<\/p>\n\n\n\n<p>Para m\u00e1s informaci\u00f3n, consulte el documento a continuaci\u00f3n.<\/p>\n\n\n\n<p>Ver:&nbsp;<a href=\"https:\/\/incp.org.co\/wp-content\/uploads\/2023\/06\/Concepto-100202208-0729-de-2023-DIAN.pdf\" target=\"_blank\" rel=\"noreferrer noopener\">Concepto 100202208-0729 de 2023 \u2013 DIAN<\/a><\/p>\n\n\n\n<p><strong>Redacci\u00f3n INCP<\/strong><\/p>\n","protected":false},"excerpt":{"rendered":"<p>La Direcci\u00f3n de Impuestos y Aduanas Nacionales (DIAN) emiti\u00f3 el Concepto 100202208-0729 del 30 de mayo de 2023 por medio del cual resolvi\u00f3, entre otras, la siguiente inquietud con relaci\u00f3n al hecho generador del impuesto nacional sobre productos pl\u00e1sticos de un solo uso utilizados para envasar, embalar o empacar bienes: Solicito a su Despacho que&hellip; <br \/> <a class=\"read-more\" href=\"https:\/\/incp.org.co\/agendatributariaincp\/noticias\/2023\/06\/dian-se-refiere-al-hecho-generador-del-impuesto-sobre-productos-plasticos-de-un-solo-uso\/\">Read more<\/a><\/p>\n","protected":false},"author":20622,"featured_media":1104,"comment_status":"open","ping_status":"open","sticky":false,"template":"","format":"standard","meta":{"footnotes":""},"categories":[13],"tags":[],"class_list":["post-1115","post","type-post","status-publish","format-standard","has-post-thumbnail","hentry","category-noticias"],"_links":{"self":[{"href":"https:\/\/incp.org.co\/agendatributariaincp\/wp-json\/wp\/v2\/posts\/1115","targetHints":{"allow":["GET"]}}],"collection":[{"href":"https:\/\/incp.org.co\/agendatributariaincp\/wp-json\/wp\/v2\/posts"}],"about":[{"href":"https:\/\/incp.org.co\/agendatributariaincp\/wp-json\/wp\/v2\/types\/post"}],"author":[{"embeddable":true,"href":"https:\/\/incp.org.co\/agendatributariaincp\/wp-json\/wp\/v2\/users\/20622"}],"replies":[{"embeddable":true,"href":"https:\/\/incp.org.co\/agendatributariaincp\/wp-json\/wp\/v2\/comments?post=1115"}],"version-history":[{"count":1,"href":"https:\/\/incp.org.co\/agendatributariaincp\/wp-json\/wp\/v2\/posts\/1115\/revisions"}],"predecessor-version":[{"id":1116,"href":"https:\/\/incp.org.co\/agendatributariaincp\/wp-json\/wp\/v2\/posts\/1115\/revisions\/1116"}],"wp:featuredmedia":[{"embeddable":true,"href":"https:\/\/incp.org.co\/agendatributariaincp\/wp-json\/wp\/v2\/media\/1104"}],"wp:attachment":[{"href":"https:\/\/incp.org.co\/agendatributariaincp\/wp-json\/wp\/v2\/media?parent=1115"}],"wp:term":[{"taxonomy":"category","embeddable":true,"href":"https:\/\/incp.org.co\/agendatributariaincp\/wp-json\/wp\/v2\/categories?post=1115"},{"taxonomy":"post_tag","embeddable":true,"href":"https:\/\/incp.org.co\/agendatributariaincp\/wp-json\/wp\/v2\/tags?post=1115"}],"curies":[{"name":"wp","href":"https:\/\/api.w.org\/{rel}","templated":true}]}}