{"id":1164,"date":"2023-07-05T10:12:38","date_gmt":"2023-07-05T15:12:38","guid":{"rendered":"https:\/\/incp.org.co\/agendatributariaincp\/?p=1164"},"modified":"2023-07-05T10:12:39","modified_gmt":"2023-07-05T15:12:39","slug":"se-reglamentaria-la-tributacion-por-presencia-economica-significativa","status":"publish","type":"post","link":"https:\/\/incp.org.co\/agendatributariaincp\/noticias\/2023\/07\/se-reglamentaria-la-tributacion-por-presencia-economica-significativa\/","title":{"rendered":"Se reglamentar\u00eda la tributaci\u00f3n por presencia econ\u00f3mica significativa"},"content":{"rendered":"\n<p>El Ministerio de Hacienda y Cr\u00e9dito P\u00fablico emiti\u00f3 un proyecto de decreto* por medio del cual pretende realizar modificaciones al Decreto 1625 de 2016 para reglamentar la tributaci\u00f3n por presencia econ\u00f3mica significativa (PES) establecida en el art\u00edculo 57 de la Ley 2277 de 2022.<\/p>\n\n\n\n<p>Entre otras cosas, este proyecto realizar\u00eda las siguientes modificaciones:<\/p>\n\n\n\n<ul class=\"wp-block-list\">\n<li>Definir los conceptos de \u201ccliente, usuario, interfaz y servicio digitales\u201d.<\/li>\n\n\n\n<li>Establecer cu\u00e1ndo se configura la venta de bienes y\/o prestaci\u00f3n de servicios a favor de clientes y\/o usuarios ubicados en territorio nacional para efectos de la tributaci\u00f3n por PES en Colombia.<\/li>\n\n\n\n<li>Establecer el contenido m\u00ednimo del formulario para la presentaci\u00f3n de la declaraci\u00f3n del impuesto sobre la renta y complementarios de los contribuyentes con PES en Colombia.<\/li>\n\n\n\n<li>Determinar los plazos para la presentaci\u00f3n de la respectiva declaraci\u00f3n y pago del impuesto sobre la renta y sus complementarios, al igual que sus mecanismos de recaudo anticipado.<\/li>\n\n\n\n<li>Precisar aspectos relacionados con la inscripci\u00f3n, actualizaci\u00f3n y cancelaci\u00f3n del Registro \u00danico Tributario (RUT), los cuales son aplicables a las personas no residentes o entidades no domiciliadas en el pa\u00eds con PES en Colombia que opten por declarar y pagar el impuesto de renta y complementarios a trav\u00e9s del formulario que se prescriba para tal fin.<\/li>\n<\/ul>\n\n\n\n<p>Usted podr\u00e1 enviar sus comentarios hasta el 15 de julio de 2023 por medio del siguiente <a href=\"https:\/\/forms.office.com\/Pages\/ResponsePage.aspx?id=2GDqtEm-vECYxBjEO_1yHivi38WBCEdFkETiUcsqrzlUQU5JQ0lUNkM2SFZONFFaS0JNVUQ5Vzc5VSQlQCNjPTEu\">formulario<\/a>.<\/p>\n\n\n\n<p>Para m\u00e1s informaci\u00f3n, consulte el proyecto a continuaci\u00f3n.<\/p>\n\n\n\n<p>Ver: <a href=\"https:\/\/incp.org.co\/wp-content\/uploads\/2023\/07\/Proyecto-de-decreto-\u2013-MinHacienda.pdf\" target=\"_blank\" rel=\"noreferrer noopener\">Proyecto de decreto \u2013 MinHacienda<\/a><\/p>\n\n\n\n<p><em><sub>* \u201dPor el cual se reglamenta el art\u00edculo 20-3 del Estatuto Tributario, adicionado por el art\u00edculo 57 de la Ley 2277 de 2022, se adiciona la Secci\u00f3n 4 al Cap\u00edtulo 28 del T\u00edtulo 1 de la Parte 2, los incisos 5 y 6 al art\u00edculo 1.6.1.2.5., el literal o) al art\u00edculo 1.6.1.2.18. y el numeral 13 al art\u00edculo 1.6.1.2.19. del Cap\u00edtulo 2 del T\u00edtulo 1 de la Parte 6, se modifica el numeral 2 del art\u00edculo 1.6.1.2.5., el inciso 2 y el par\u00e1grafo 2 del art\u00edculo 1.6.1.2.10., el numeral 11 del art\u00edculo 1.6.1.2.11., el par\u00e1grafo 5 del art\u00edculo 1.6.1.2.14., los literales j), k) y l) del art\u00edculo 1.6.1.2.18., el inciso del numeral 10 y el numeral 10.1 del art\u00edculo 1.6.1.2.19. del Cap\u00edtulo 2 del T\u00edtulo 1 de la Parte 6, del Libro 1 del Decreto 1625 de 2016, \u00danico Reglamentario en Materia Tributaria, relacionado con la tributaci\u00f3n por presencia econ\u00f3mica significativa -PES en Colombia\u201d.<\/sub><\/em><\/p>\n\n\n\n<p><strong>Redacci\u00f3n INCP<\/strong><\/p>\n\n\n\n<p><\/p>\n","protected":false},"excerpt":{"rendered":"<p>El Ministerio de Hacienda y Cr\u00e9dito P\u00fablico emiti\u00f3 un proyecto de decreto* por medio del cual pretende realizar modificaciones al Decreto 1625 de 2016 para reglamentar la tributaci\u00f3n por presencia econ\u00f3mica significativa (PES) establecida en el art\u00edculo 57 de la Ley 2277 de 2022. Entre otras cosas, este proyecto realizar\u00eda las siguientes modificaciones: Usted podr\u00e1&hellip; <br \/> <a class=\"read-more\" href=\"https:\/\/incp.org.co\/agendatributariaincp\/noticias\/2023\/07\/se-reglamentaria-la-tributacion-por-presencia-economica-significativa\/\">Read more<\/a><\/p>\n","protected":false},"author":20622,"featured_media":1161,"comment_status":"open","ping_status":"open","sticky":false,"template":"","format":"standard","meta":{"footnotes":""},"categories":[13],"tags":[],"class_list":["post-1164","post","type-post","status-publish","format-standard","has-post-thumbnail","hentry","category-noticias"],"_links":{"self":[{"href":"https:\/\/incp.org.co\/agendatributariaincp\/wp-json\/wp\/v2\/posts\/1164","targetHints":{"allow":["GET"]}}],"collection":[{"href":"https:\/\/incp.org.co\/agendatributariaincp\/wp-json\/wp\/v2\/posts"}],"about":[{"href":"https:\/\/incp.org.co\/agendatributariaincp\/wp-json\/wp\/v2\/types\/post"}],"author":[{"embeddable":true,"href":"https:\/\/incp.org.co\/agendatributariaincp\/wp-json\/wp\/v2\/users\/20622"}],"replies":[{"embeddable":true,"href":"https:\/\/incp.org.co\/agendatributariaincp\/wp-json\/wp\/v2\/comments?post=1164"}],"version-history":[{"count":1,"href":"https:\/\/incp.org.co\/agendatributariaincp\/wp-json\/wp\/v2\/posts\/1164\/revisions"}],"predecessor-version":[{"id":1165,"href":"https:\/\/incp.org.co\/agendatributariaincp\/wp-json\/wp\/v2\/posts\/1164\/revisions\/1165"}],"wp:featuredmedia":[{"embeddable":true,"href":"https:\/\/incp.org.co\/agendatributariaincp\/wp-json\/wp\/v2\/media\/1161"}],"wp:attachment":[{"href":"https:\/\/incp.org.co\/agendatributariaincp\/wp-json\/wp\/v2\/media?parent=1164"}],"wp:term":[{"taxonomy":"category","embeddable":true,"href":"https:\/\/incp.org.co\/agendatributariaincp\/wp-json\/wp\/v2\/categories?post=1164"},{"taxonomy":"post_tag","embeddable":true,"href":"https:\/\/incp.org.co\/agendatributariaincp\/wp-json\/wp\/v2\/tags?post=1164"}],"curies":[{"name":"wp","href":"https:\/\/api.w.org\/{rel}","templated":true}]}}