{"id":1168,"date":"2023-07-06T08:11:09","date_gmt":"2023-07-06T13:11:09","guid":{"rendered":"https:\/\/incp.org.co\/agendatributariaincp\/?p=1168"},"modified":"2023-07-06T08:11:10","modified_gmt":"2023-07-06T13:11:10","slug":"dian-se-refirio-a-la-declaracion-del-iva-en-un-periodo-distinto-al-obligado","status":"publish","type":"post","link":"https:\/\/incp.org.co\/agendatributariaincp\/noticias\/2023\/07\/dian-se-refirio-a-la-declaracion-del-iva-en-un-periodo-distinto-al-obligado\/","title":{"rendered":"DIAN se refiri\u00f3 a la declaraci\u00f3n del IVA en un periodo distinto al obligado"},"content":{"rendered":"\n<p>Por medio del Concepto 100208192-712 del 22 de junio de 2023, la Direcci\u00f3n de Impuestos y Aduanas Nacionales (DIAN) resolvi\u00f3 c\u00f3mo abordar las declaraciones del impuesto sobre las ventas (IVA) presentadas en un periodo diferente al obligado.<\/p>\n\n\n\n<p>De acuerdo con el art\u00edculo 600 del Estatuto Tributario (E.T.), la presentaci\u00f3n de la declaraci\u00f3n del IVA puede ser de periodicidad bimestral o cuatrimestral dependiendo de si los ingresos brutos obtenidos en el a\u00f1o inmediatamente anterior son inferiores o superiores a 92.000 Unidades de Valor Tributario (UVT). Recordemos que la Ley 2277 de 2022 en su art\u00edculo 92 conten\u00eda una soluci\u00f3n temporal para los responsables del IVA que hab\u00edan presentado declaraciones en un periodo diferente al obligado. Esta soluci\u00f3n estaba sujeta al par\u00e1grafo 2 del art\u00edculo 1.6.1.6.3. del <a href=\"https:\/\/www.suin-juriscol.gov.co\/viewDocument.asp?ruta=Decretos\/30030361\">Decreto 1625 de 2016<\/a>, el cual se\u00f1ala que las declaraciones que se hubieren presentado en periodos diferentes a los establecidos por la ley no ten\u00edan efecto legal alguno y que los valores pagados se podr\u00edan tomar como abono del impuesto a pagar del periodo correspondiente. Sin embargo, el Consejo de Estado -por medio la Sentencia 25406 del 3 de noviembre de 2022- declar\u00f3 nulo dicho par\u00e1grafo, por lo cual, la soluci\u00f3n temporal en cuesti\u00f3n carece de aplicabilidad.<\/p>\n\n\n\n<p>En vista de lo anterior, la DIAN plante\u00f3 los siguientes procedimientos para los contribuyentes que hayan presentado la declaraci\u00f3n en un periodo distinto al que est\u00e1 obligado:<\/p>\n\n\n\n<ul class=\"wp-block-list\">\n<li>Los contribuyentes obligados a declarar y pagar el impuesto de manera bimestral, pero que declararon de manera cuatrimestral, deber\u00e1n corregir la declaraci\u00f3n presentada ajustando la informaci\u00f3n a periodos bimestrales, esto atendiendo a lo dispuesto en los art\u00edculos 588 y 589 del E.T. As\u00ed mismo, se deber\u00e1n liquidar las sanciones a que haya lugar.<\/li>\n\n\n\n<li>Las declaraciones bimestrales presentadas como cuatrimestrales se deber\u00e1n corregir, de manera que se incluya y ajuste la informaci\u00f3n relativa a ingresos, compras, liquidaci\u00f3n privada, impuestos descontables y dem\u00e1s conceptos correspondientes al cuatrimestre; adem\u00e1s de realizar la liquidaci\u00f3n correspondiente a las sanciones aplicables.<\/li>\n<\/ul>\n\n\n\n<p>Para m\u00e1s detalles sobre estos procedimientos, revise el concepto a continuaci\u00f3n.<\/p>\n\n\n\n<p>Ver: <a href=\"https:\/\/incp.org.co\/wp-content\/uploads\/2023\/07\/Concepto-100208192-712-de-2023-DIAN.pdf\" data-type=\"URL\" data-id=\"https:\/\/incp.org.co\/wp-content\/uploads\/2023\/07\/Concepto-100208192-712-de-2023-DIAN.pdf\" target=\"_blank\" rel=\"noreferrer noopener\">Concepto 100208192-712 de 2023 &#8211; DIAN<\/a><\/p>\n\n\n\n<p><strong>Redacci\u00f3n INCP<\/strong><\/p>\n\n\n\n<p><\/p>\n","protected":false},"excerpt":{"rendered":"<p>Por medio del Concepto 100208192-712 del 22 de junio de 2023, la Direcci\u00f3n de Impuestos y Aduanas Nacionales (DIAN) resolvi\u00f3 c\u00f3mo abordar las declaraciones del impuesto sobre las ventas (IVA) presentadas en un periodo diferente al obligado. De acuerdo con el art\u00edculo 600 del Estatuto Tributario (E.T.), la presentaci\u00f3n de la declaraci\u00f3n del IVA puede&hellip; <br \/> <a class=\"read-more\" href=\"https:\/\/incp.org.co\/agendatributariaincp\/noticias\/2023\/07\/dian-se-refirio-a-la-declaracion-del-iva-en-un-periodo-distinto-al-obligado\/\">Read more<\/a><\/p>\n","protected":false},"author":20622,"featured_media":1166,"comment_status":"open","ping_status":"open","sticky":false,"template":"","format":"standard","meta":{"footnotes":""},"categories":[13],"tags":[21,24],"class_list":["post-1168","post","type-post","status-publish","format-standard","has-post-thumbnail","hentry","category-noticias","tag-dian","tag-iva"],"_links":{"self":[{"href":"https:\/\/incp.org.co\/agendatributariaincp\/wp-json\/wp\/v2\/posts\/1168","targetHints":{"allow":["GET"]}}],"collection":[{"href":"https:\/\/incp.org.co\/agendatributariaincp\/wp-json\/wp\/v2\/posts"}],"about":[{"href":"https:\/\/incp.org.co\/agendatributariaincp\/wp-json\/wp\/v2\/types\/post"}],"author":[{"embeddable":true,"href":"https:\/\/incp.org.co\/agendatributariaincp\/wp-json\/wp\/v2\/users\/20622"}],"replies":[{"embeddable":true,"href":"https:\/\/incp.org.co\/agendatributariaincp\/wp-json\/wp\/v2\/comments?post=1168"}],"version-history":[{"count":1,"href":"https:\/\/incp.org.co\/agendatributariaincp\/wp-json\/wp\/v2\/posts\/1168\/revisions"}],"predecessor-version":[{"id":1169,"href":"https:\/\/incp.org.co\/agendatributariaincp\/wp-json\/wp\/v2\/posts\/1168\/revisions\/1169"}],"wp:featuredmedia":[{"embeddable":true,"href":"https:\/\/incp.org.co\/agendatributariaincp\/wp-json\/wp\/v2\/media\/1166"}],"wp:attachment":[{"href":"https:\/\/incp.org.co\/agendatributariaincp\/wp-json\/wp\/v2\/media?parent=1168"}],"wp:term":[{"taxonomy":"category","embeddable":true,"href":"https:\/\/incp.org.co\/agendatributariaincp\/wp-json\/wp\/v2\/categories?post=1168"},{"taxonomy":"post_tag","embeddable":true,"href":"https:\/\/incp.org.co\/agendatributariaincp\/wp-json\/wp\/v2\/tags?post=1168"}],"curies":[{"name":"wp","href":"https:\/\/api.w.org\/{rel}","templated":true}]}}