{"id":1183,"date":"2023-07-10T08:35:04","date_gmt":"2023-07-10T13:35:04","guid":{"rendered":"https:\/\/incp.org.co\/agendatributariaincp\/?p=1183"},"modified":"2023-07-10T08:35:05","modified_gmt":"2023-07-10T13:35:05","slug":"tenga-en-cuenta-las-fechas-de-pago-del-impuesto-predial-y-de-vehiculos","status":"publish","type":"post","link":"https:\/\/incp.org.co\/agendatributariaincp\/noticias\/2023\/07\/tenga-en-cuenta-las-fechas-de-pago-del-impuesto-predial-y-de-vehiculos\/","title":{"rendered":"Tenga en cuenta las fechas de pago del impuesto predial y de veh\u00edculos"},"content":{"rendered":"\n<p>La Secretar\u00eda de Hacienda Distrital recuerda a todos los contribuyentes que est\u00e1n pr\u00f3ximas a vencer las fechas para el pago del impuesto predial y de veh\u00edculos sin descuento ni sanciones. Respecto al impuesto predial, el \u00faltimo plazo de pago ser\u00e1 el pr\u00f3ximo viernes 14 de julio, mientras que, para el impuesto de veh\u00edculos, la fecha l\u00edmite ser\u00e1 el 28 de julio.<\/p>\n\n\n\n<p>Para descargar el documento y efectuar el pago de los impuestos, ingrese a la <a href=\"https:\/\/nuevaoficinavirtual.shd.gov.co\/bogota\/es\/descargaFacturaVA\">p\u00e1gina web<\/a> de la Secretar\u00eda de Hacienda Distrital.<\/p>\n\n\n\n<p><strong>Redacci\u00f3n INCP<\/strong><\/p>\n","protected":false},"excerpt":{"rendered":"<p>La Secretar\u00eda de Hacienda Distrital recuerda a todos los contribuyentes que est\u00e1n pr\u00f3ximas a vencer las fechas para el pago del impuesto predial y de veh\u00edculos sin descuento ni sanciones. Respecto al impuesto predial, el \u00faltimo plazo de pago ser\u00e1 el pr\u00f3ximo viernes 14 de julio, mientras que, para el impuesto de veh\u00edculos, la fecha&hellip; <br \/> <a class=\"read-more\" href=\"https:\/\/incp.org.co\/agendatributariaincp\/noticias\/2023\/07\/tenga-en-cuenta-las-fechas-de-pago-del-impuesto-predial-y-de-vehiculos\/\">Read more<\/a><\/p>\n","protected":false},"author":20622,"featured_media":1180,"comment_status":"open","ping_status":"open","sticky":false,"template":"","format":"standard","meta":{"footnotes":""},"categories":[13],"tags":[27,29],"class_list":["post-1183","post","type-post","status-publish","format-standard","has-post-thumbnail","hentry","category-noticias","tag-impuesto","tag-predial"],"_links":{"self":[{"href":"https:\/\/incp.org.co\/agendatributariaincp\/wp-json\/wp\/v2\/posts\/1183","targetHints":{"allow":["GET"]}}],"collection":[{"href":"https:\/\/incp.org.co\/agendatributariaincp\/wp-json\/wp\/v2\/posts"}],"about":[{"href":"https:\/\/incp.org.co\/agendatributariaincp\/wp-json\/wp\/v2\/types\/post"}],"author":[{"embeddable":true,"href":"https:\/\/incp.org.co\/agendatributariaincp\/wp-json\/wp\/v2\/users\/20622"}],"replies":[{"embeddable":true,"href":"https:\/\/incp.org.co\/agendatributariaincp\/wp-json\/wp\/v2\/comments?post=1183"}],"version-history":[{"count":1,"href":"https:\/\/incp.org.co\/agendatributariaincp\/wp-json\/wp\/v2\/posts\/1183\/revisions"}],"predecessor-version":[{"id":1184,"href":"https:\/\/incp.org.co\/agendatributariaincp\/wp-json\/wp\/v2\/posts\/1183\/revisions\/1184"}],"wp:featuredmedia":[{"embeddable":true,"href":"https:\/\/incp.org.co\/agendatributariaincp\/wp-json\/wp\/v2\/media\/1180"}],"wp:attachment":[{"href":"https:\/\/incp.org.co\/agendatributariaincp\/wp-json\/wp\/v2\/media?parent=1183"}],"wp:term":[{"taxonomy":"category","embeddable":true,"href":"https:\/\/incp.org.co\/agendatributariaincp\/wp-json\/wp\/v2\/categories?post=1183"},{"taxonomy":"post_tag","embeddable":true,"href":"https:\/\/incp.org.co\/agendatributariaincp\/wp-json\/wp\/v2\/tags?post=1183"}],"curies":[{"name":"wp","href":"https:\/\/api.w.org\/{rel}","templated":true}]}}