{"id":1185,"date":"2023-07-10T08:36:26","date_gmt":"2023-07-10T13:36:26","guid":{"rendered":"https:\/\/incp.org.co\/agendatributariaincp\/?p=1185"},"modified":"2023-07-10T08:36:27","modified_gmt":"2023-07-10T13:36:27","slug":"dian-aclaro-que-los-bienes-despojados-no-deben-ser-incluidos-en-la-declaracion-de-renta","status":"publish","type":"post","link":"https:\/\/incp.org.co\/agendatributariaincp\/noticias\/2023\/07\/dian-aclaro-que-los-bienes-despojados-no-deben-ser-incluidos-en-la-declaracion-de-renta\/","title":{"rendered":"DIAN aclar\u00f3 que los bienes despojados no deben ser incluidos en la declaraci\u00f3n de renta"},"content":{"rendered":"\n<p>Por medio del Concepto 3570 del 14 de junio de 2023, la Direcci\u00f3n de Impuestos y Aduanas Nacionales (DIAN) resolvi\u00f3 la siguiente inquietud relacionada con la inclusi\u00f3n de bienes inmuebles despojados en la declaraci\u00f3n del impuesto sobre la renta y complementarios:<\/p>\n\n\n\n<p><strong>\u00bfSe deben incluir en la declaraci\u00f3n de renta los bienes inmuebles despojados que son objeto de las acciones de restituci\u00f3n de que trata la Ley 1448 de 2011?<\/strong><\/p>\n\n\n\n<p>Recordemos que la Ley 1448 de 2011 trata de las medidas de atenci\u00f3n, asistencia y reparaci\u00f3n integral a las v\u00edctimas de conflicto armado interno, y entre sus objetivos se encuentra la restituci\u00f3n jur\u00eddica y material de los inmuebles despojadas por el conflicto. Ahora bien, la DIAN se\u00f1ala que los bienes despojados no deben ser incluidos en la declaraci\u00f3n de renta puesto que el bien no est\u00e1 pose\u00eddo por el contribuyente en los t\u00e9rminos del art\u00edculo 263 del Estatuto Tributario, es decir, no hay aprovechamiento econ\u00f3mico potencial o real del bien. Cabe se\u00f1alar que, cuando el bien haya sido restituido, el contribuyente no deber\u00e1 establecer una renta por el sistema de comparaci\u00f3n patrimonial ni una renta l\u00edquida gravable por activos omitidos.<\/p>\n\n\n\n<p>Para m\u00e1s informaci\u00f3n, consulte el concepto a continuaci\u00f3n.<\/p>\n\n\n\n<p>Ver: <a href=\"https:\/\/incp.org.co\/agendatributariaincp\/wp-content\/uploads\/2023\/07\/Concepto-3570-de-2023-DIAN.pdf\" target=\"_blank\" rel=\"noreferrer noopener\">Concepto 3570 de 2023 &#8211; DIAN<\/a><\/p>\n\n\n\n<p><strong>Redacci\u00f3n INCP<\/strong><\/p>\n\n\n\n<p><\/p>\n","protected":false},"excerpt":{"rendered":"<p>Por medio del Concepto 3570 del 14 de junio de 2023, la Direcci\u00f3n de Impuestos y Aduanas Nacionales (DIAN) resolvi\u00f3 la siguiente inquietud relacionada con la inclusi\u00f3n de bienes inmuebles despojados en la declaraci\u00f3n del impuesto sobre la renta y complementarios: \u00bfSe deben incluir en la declaraci\u00f3n de renta los bienes inmuebles despojados que son&hellip; <br \/> <a class=\"read-more\" href=\"https:\/\/incp.org.co\/agendatributariaincp\/noticias\/2023\/07\/dian-aclaro-que-los-bienes-despojados-no-deben-ser-incluidos-en-la-declaracion-de-renta\/\">Read more<\/a><\/p>\n","protected":false},"author":20622,"featured_media":1181,"comment_status":"open","ping_status":"open","sticky":false,"template":"","format":"standard","meta":{"footnotes":""},"categories":[13],"tags":[30,21],"class_list":["post-1185","post","type-post","status-publish","format-standard","has-post-thumbnail","hentry","category-noticias","tag-declaracion-de-renta","tag-dian"],"_links":{"self":[{"href":"https:\/\/incp.org.co\/agendatributariaincp\/wp-json\/wp\/v2\/posts\/1185","targetHints":{"allow":["GET"]}}],"collection":[{"href":"https:\/\/incp.org.co\/agendatributariaincp\/wp-json\/wp\/v2\/posts"}],"about":[{"href":"https:\/\/incp.org.co\/agendatributariaincp\/wp-json\/wp\/v2\/types\/post"}],"author":[{"embeddable":true,"href":"https:\/\/incp.org.co\/agendatributariaincp\/wp-json\/wp\/v2\/users\/20622"}],"replies":[{"embeddable":true,"href":"https:\/\/incp.org.co\/agendatributariaincp\/wp-json\/wp\/v2\/comments?post=1185"}],"version-history":[{"count":1,"href":"https:\/\/incp.org.co\/agendatributariaincp\/wp-json\/wp\/v2\/posts\/1185\/revisions"}],"predecessor-version":[{"id":1186,"href":"https:\/\/incp.org.co\/agendatributariaincp\/wp-json\/wp\/v2\/posts\/1185\/revisions\/1186"}],"wp:featuredmedia":[{"embeddable":true,"href":"https:\/\/incp.org.co\/agendatributariaincp\/wp-json\/wp\/v2\/media\/1181"}],"wp:attachment":[{"href":"https:\/\/incp.org.co\/agendatributariaincp\/wp-json\/wp\/v2\/media?parent=1185"}],"wp:term":[{"taxonomy":"category","embeddable":true,"href":"https:\/\/incp.org.co\/agendatributariaincp\/wp-json\/wp\/v2\/categories?post=1185"},{"taxonomy":"post_tag","embeddable":true,"href":"https:\/\/incp.org.co\/agendatributariaincp\/wp-json\/wp\/v2\/tags?post=1185"}],"curies":[{"name":"wp","href":"https:\/\/api.w.org\/{rel}","templated":true}]}}