{"id":1202,"date":"2023-07-26T08:30:21","date_gmt":"2023-07-26T13:30:21","guid":{"rendered":"https:\/\/incp.org.co\/agendatributariaincp\/?p=1202"},"modified":"2023-07-31T08:31:40","modified_gmt":"2023-07-31T13:31:40","slug":"dian-emitio-un-concepto-general-sobre-los-nomadas-digitales","status":"publish","type":"post","link":"https:\/\/incp.org.co\/agendatributariaincp\/noticias\/2023\/07\/dian-emitio-un-concepto-general-sobre-los-nomadas-digitales\/","title":{"rendered":"DIAN emiti\u00f3 un Concepto General sobre los \u2018n\u00f3madas digitales\u2019"},"content":{"rendered":"\n<p>La Direcci\u00f3n de Impuestos y Aduanas Nacionales (DIAN) emiti\u00f3 el Concepto General 777 del 13 de julio de 2023, por medio del cual resolvi\u00f3 los siguientes interrogantes en torno a la figura de \u2018n\u00f3madas digitales\u2019 en Colombia:<\/p>\n\n\n\n<p><strong>\u00bfEs susceptible de constituir establecimiento permanente un \u2018n\u00f3mada digital\u2019?<\/strong><\/p>\n\n\n\n<p>De acuerdo con la Organizaci\u00f3n para la Cooperaci\u00f3n y el Desarrollo Econ\u00f3micos (OCDE), se considera como \u2018n\u00f3mada digital\u2019 a una persona natural que trabaja de manera remota haciendo uso de la tecnolog\u00eda desde cualquier parte del mundo. Esto se puede dar por diversas circunstancias, entre las cuales se encuentra la existencia de un r\u00e9gimen tributario favorable o una alta calidad de vida.<\/p>\n\n\n\n<p>La DIAN se\u00f1ala que, de conformidad con el articulo 20-1 del Estatuto Tributario (E.T.), existe un establecimiento permanente en el pa\u00eds cuando una persona act\u00fae por cuenta de una empresa extranjera y ejerza poderes que la faculten para llevar a cabo actos o contratos que sean vinculantes para la empresa. Si las actividades realizadas por la persona son de car\u00e1cter exclusivamente auxiliar o preparatorio, no se le considerar\u00e1 como establecimiento permanente.<\/p>\n\n\n\n<p><strong>\u00bfExiste en Colombia un r\u00e9gimen tributario espec\u00edfico para los \u2018n\u00f3madas digitales\u2019?<\/strong><\/p>\n\n\n\n<p>En Colombia, afirma la DIAN, no existe un r\u00e9gimen tributario que est\u00e9 dirigido de manera espec\u00edfica a los n\u00f3madas digitales, por lo cual, ellos est\u00e1n sometidos a los diferentes impuestos de orden nacional. Respecto al impuesto sobre las ventas (IVA), los \u2018n\u00f3madas digitales\u2019, cuando sean considerados turistas extranjeros de acuerdo con el art\u00edculo 1.6.1.23.2. del Decreto 1625 de 2016, podr\u00e1n acceder a la devoluci\u00f3n del IVA pagado por la adquisici\u00f3n de bienes gravados en el territorio nacional.<\/p>\n\n\n\n<p>Para m\u00e1s detalles, consulte el concepto en menci\u00f3n a continuaci\u00f3n.<\/p>\n\n\n\n<p>Ver: <a href=\"https:\/\/incp.org.co\/agendatributariaincp\/wp-content\/uploads\/2023\/07\/Concepto-General-777-de-2023-DIAN.pdf\" target=\"_blank\" rel=\"noreferrer noopener\">Concepto General 777 de 2023 &#8211; DIAN<\/a><\/p>\n\n\n\n<p><strong>Redacci\u00f3n INCP<\/strong><\/p>\n","protected":false},"excerpt":{"rendered":"<p>La Direcci\u00f3n de Impuestos y Aduanas Nacionales (DIAN) emiti\u00f3 el Concepto General 777 del 13 de julio de 2023, por medio del cual resolvi\u00f3 los siguientes interrogantes en torno a la figura de \u2018n\u00f3madas digitales\u2019 en Colombia: \u00bfEs susceptible de constituir establecimiento permanente un \u2018n\u00f3mada digital\u2019? De acuerdo con la Organizaci\u00f3n para la Cooperaci\u00f3n y&hellip; <br \/> <a class=\"read-more\" href=\"https:\/\/incp.org.co\/agendatributariaincp\/noticias\/2023\/07\/dian-emitio-un-concepto-general-sobre-los-nomadas-digitales\/\">Read more<\/a><\/p>\n","protected":false},"author":20622,"featured_media":1200,"comment_status":"open","ping_status":"open","sticky":false,"template":"","format":"standard","meta":{"footnotes":""},"categories":[13],"tags":[],"class_list":["post-1202","post","type-post","status-publish","format-standard","has-post-thumbnail","hentry","category-noticias"],"_links":{"self":[{"href":"https:\/\/incp.org.co\/agendatributariaincp\/wp-json\/wp\/v2\/posts\/1202","targetHints":{"allow":["GET"]}}],"collection":[{"href":"https:\/\/incp.org.co\/agendatributariaincp\/wp-json\/wp\/v2\/posts"}],"about":[{"href":"https:\/\/incp.org.co\/agendatributariaincp\/wp-json\/wp\/v2\/types\/post"}],"author":[{"embeddable":true,"href":"https:\/\/incp.org.co\/agendatributariaincp\/wp-json\/wp\/v2\/users\/20622"}],"replies":[{"embeddable":true,"href":"https:\/\/incp.org.co\/agendatributariaincp\/wp-json\/wp\/v2\/comments?post=1202"}],"version-history":[{"count":1,"href":"https:\/\/incp.org.co\/agendatributariaincp\/wp-json\/wp\/v2\/posts\/1202\/revisions"}],"predecessor-version":[{"id":1203,"href":"https:\/\/incp.org.co\/agendatributariaincp\/wp-json\/wp\/v2\/posts\/1202\/revisions\/1203"}],"wp:featuredmedia":[{"embeddable":true,"href":"https:\/\/incp.org.co\/agendatributariaincp\/wp-json\/wp\/v2\/media\/1200"}],"wp:attachment":[{"href":"https:\/\/incp.org.co\/agendatributariaincp\/wp-json\/wp\/v2\/media?parent=1202"}],"wp:term":[{"taxonomy":"category","embeddable":true,"href":"https:\/\/incp.org.co\/agendatributariaincp\/wp-json\/wp\/v2\/categories?post=1202"},{"taxonomy":"post_tag","embeddable":true,"href":"https:\/\/incp.org.co\/agendatributariaincp\/wp-json\/wp\/v2\/tags?post=1202"}],"curies":[{"name":"wp","href":"https:\/\/api.w.org\/{rel}","templated":true}]}}