{"id":1206,"date":"2023-07-27T08:32:37","date_gmt":"2023-07-27T13:32:37","guid":{"rendered":"https:\/\/incp.org.co\/agendatributariaincp\/?p=1206"},"modified":"2023-07-31T08:33:41","modified_gmt":"2023-07-31T13:33:41","slug":"el-error-en-el-diligenciamiento-del-ano-gravable-de-la-informacion-exogena-es-un-error-formal","status":"publish","type":"post","link":"https:\/\/incp.org.co\/agendatributariaincp\/noticias\/2023\/07\/el-error-en-el-diligenciamiento-del-ano-gravable-de-la-informacion-exogena-es-un-error-formal\/","title":{"rendered":"El error en el diligenciamiento del a\u00f1o gravable de la informaci\u00f3n ex\u00f3gena es un error formal"},"content":{"rendered":"\n<p>Por medio de la Sentencia 27063 de 2023, el Consejo de Estado, apoy\u00e1ndose en la Corte Constitucional, determin\u00f3 que no todo error cometido en la informaci\u00f3n que se remite a la administraci\u00f3n tributaria es objeto de sanciones. As\u00ed pues, el error en el diligenciamiento del a\u00f1o gravable en el reporte de informaci\u00f3n ex\u00f3gena se constituye como un error formal y no de contenido, lo cual no impide la fiscalizaci\u00f3n de la administraci\u00f3n tributaria.<\/p>\n\n\n\n<p>En la sentencia mencionada se expone el caso de un contribuyente que present\u00f3 la informaci\u00f3n ex\u00f3gena diligenciando mal el a\u00f1o gravable, pues indic\u00f3 2015 en lugar de 2014, raz\u00f3n por la cual, la Direcci\u00f3n de Impuestos y Aduanas Nacionales (DIAN) sancion\u00f3 al contribuyente por la no presentaci\u00f3n de la informaci\u00f3n ex\u00f3gena para el a\u00f1o gravable 2014. Ante esto, el Consejo de Estado declar\u00f3 que si bien los datos registrados en los formularios son los elementos iniciales para realizar las respectivas verificaciones y cruces por parte de la administraci\u00f3n, lo cierto es que el error en el a\u00f1o gravable \u201c<em>no afecta la certeza y confiabilidad de la informaci\u00f3n reportada, ni obstruye la labor de fiscalizaci\u00f3n de la autoridad tributaria, pues el aplicativo de entrega de informaci\u00f3n est\u00e1 dise\u00f1ado para registrar la carga y transmisi\u00f3n efectiva del archivo informado, junto con la fecha en que ello ocurre<\/em>\u201d. En ese sentido, este caso no puede ser tipificado como una infracci\u00f3n sancionable en tanto la DIAN tuvo acceso a la documentaci\u00f3n en los tiempos estipulados para las operaciones econ\u00f3micas ejecutadas.<\/p>\n\n\n\n<p>Para m\u00e1s detalles, consulte el documento a continuaci\u00f3n.<\/p>\n\n\n\n<p>Ver: <a href=\"https:\/\/incp.org.co\/agendatributariaincp\/wp-content\/uploads\/2023\/07\/Sentencia-27063-de-2023-\u2013-Consejo-de-Estado.pdf\" target=\"_blank\" rel=\"noreferrer noopener\">Sentencia 27063 de 2023 \u2013 Consejo de Estado<\/a><\/p>\n\n\n\n<p><strong>Redacci\u00f3n INCP<\/strong><\/p>\n","protected":false},"excerpt":{"rendered":"<p>Por medio de la Sentencia 27063 de 2023, el Consejo de Estado, apoy\u00e1ndose en la Corte Constitucional, determin\u00f3 que no todo error cometido en la informaci\u00f3n que se remite a la administraci\u00f3n tributaria es objeto de sanciones. As\u00ed pues, el error en el diligenciamiento del a\u00f1o gravable en el reporte de informaci\u00f3n ex\u00f3gena se constituye&hellip; <br \/> <a class=\"read-more\" href=\"https:\/\/incp.org.co\/agendatributariaincp\/noticias\/2023\/07\/el-error-en-el-diligenciamiento-del-ano-gravable-de-la-informacion-exogena-es-un-error-formal\/\">Read more<\/a><\/p>\n","protected":false},"author":20622,"featured_media":1204,"comment_status":"open","ping_status":"open","sticky":false,"template":"","format":"standard","meta":{"footnotes":""},"categories":[13],"tags":[],"class_list":["post-1206","post","type-post","status-publish","format-standard","has-post-thumbnail","hentry","category-noticias"],"_links":{"self":[{"href":"https:\/\/incp.org.co\/agendatributariaincp\/wp-json\/wp\/v2\/posts\/1206","targetHints":{"allow":["GET"]}}],"collection":[{"href":"https:\/\/incp.org.co\/agendatributariaincp\/wp-json\/wp\/v2\/posts"}],"about":[{"href":"https:\/\/incp.org.co\/agendatributariaincp\/wp-json\/wp\/v2\/types\/post"}],"author":[{"embeddable":true,"href":"https:\/\/incp.org.co\/agendatributariaincp\/wp-json\/wp\/v2\/users\/20622"}],"replies":[{"embeddable":true,"href":"https:\/\/incp.org.co\/agendatributariaincp\/wp-json\/wp\/v2\/comments?post=1206"}],"version-history":[{"count":1,"href":"https:\/\/incp.org.co\/agendatributariaincp\/wp-json\/wp\/v2\/posts\/1206\/revisions"}],"predecessor-version":[{"id":1207,"href":"https:\/\/incp.org.co\/agendatributariaincp\/wp-json\/wp\/v2\/posts\/1206\/revisions\/1207"}],"wp:featuredmedia":[{"embeddable":true,"href":"https:\/\/incp.org.co\/agendatributariaincp\/wp-json\/wp\/v2\/media\/1204"}],"wp:attachment":[{"href":"https:\/\/incp.org.co\/agendatributariaincp\/wp-json\/wp\/v2\/media?parent=1206"}],"wp:term":[{"taxonomy":"category","embeddable":true,"href":"https:\/\/incp.org.co\/agendatributariaincp\/wp-json\/wp\/v2\/categories?post=1206"},{"taxonomy":"post_tag","embeddable":true,"href":"https:\/\/incp.org.co\/agendatributariaincp\/wp-json\/wp\/v2\/tags?post=1206"}],"curies":[{"name":"wp","href":"https:\/\/api.w.org\/{rel}","templated":true}]}}