{"id":1220,"date":"2023-07-31T08:40:14","date_gmt":"2023-07-31T13:40:14","guid":{"rendered":"https:\/\/incp.org.co\/agendatributariaincp\/?p=1220"},"modified":"2023-07-31T08:40:15","modified_gmt":"2023-07-31T13:40:15","slug":"dian-se-refirio-al-valor-patrimonial-de-los-inmuebles-para-efectos-del-impuesto-al-patrimonio","status":"publish","type":"post","link":"https:\/\/incp.org.co\/agendatributariaincp\/noticias\/2023\/07\/dian-se-refirio-al-valor-patrimonial-de-los-inmuebles-para-efectos-del-impuesto-al-patrimonio\/","title":{"rendered":"DIAN se refiri\u00f3 al valor patrimonial de los inmuebles para efectos del impuesto al patrimonio"},"content":{"rendered":"\n<p>Por medio del Concepto 770 del 11 de julio de 2023, la Direcci\u00f3n de Impuestos y Aduanas Nacionales (DIAN) resolvi\u00f3 la siguiente inquietud con relaci\u00f3n al impuesto al patrimonio creado por la reforma tributaria (Ley 2277 de 2022):<\/p>\n\n\n\n<p><strong>\u00bfEs v\u00e1lido, para efectos de la base gravable del impuesto, tener en cuenta el precio de adquisici\u00f3n de un inmueble, aunque este se ha venido declarando por un mayor valor para los prop\u00f3sitos del impuesto sobre la renta y complementarios?<\/strong><\/p>\n\n\n\n<p>De conformidad con el art\u00edculo 295-3 del Estatuto Tributario (E.T.), la base gravable del impuesto al patrimonio corresponde al valor patrimonial bruto del sujeto pasivo al 1 de enero de cada a\u00f1o. Seg\u00fan el art\u00edculo 277 del E.T., el cual determina el costo fiscal de los inmuebles, los contribuyentes obligados a llevar contabilidad deben declarar los inmuebles por su costo fiscal, y los no obligados deben declarar los inmuebles por el mayor valor entre el costo de adquisici\u00f3n, el costo fiscal, el autoaval\u00fao o el aval\u00fao catastral actualizado al final del ejercicio. En caso de que el inmueble a declarar haya tenido mejoras o construcciones, estas deber\u00e1n ser declaradas por separado.<\/p>\n\n\n\n<p>De acuerdo con lo anterior, en el caso planteado, el contribuyente deber\u00e1 determinar qu\u00e9 tratamiento le aplica.<\/p>\n\n\n\n<p>Ver: <a href=\"https:\/\/incp.org.co\/agendatributariaincp\/wp-content\/uploads\/2023\/07\/Concepto-770-de-2023.pdf\" target=\"_blank\" rel=\"noreferrer noopener\">Concepto 770 de 2023<\/a><\/p>\n\n\n\n<p><strong>Redacci\u00f3n INCP<\/strong><\/p>\n","protected":false},"excerpt":{"rendered":"<p>Por medio del Concepto 770 del 11 de julio de 2023, la Direcci\u00f3n de Impuestos y Aduanas Nacionales (DIAN) resolvi\u00f3 la siguiente inquietud con relaci\u00f3n al impuesto al patrimonio creado por la reforma tributaria (Ley 2277 de 2022): \u00bfEs v\u00e1lido, para efectos de la base gravable del impuesto, tener en cuenta el precio de adquisici\u00f3n&hellip; <br \/> <a class=\"read-more\" href=\"https:\/\/incp.org.co\/agendatributariaincp\/noticias\/2023\/07\/dian-se-refirio-al-valor-patrimonial-de-los-inmuebles-para-efectos-del-impuesto-al-patrimonio\/\">Read more<\/a><\/p>\n","protected":false},"author":20622,"featured_media":1216,"comment_status":"open","ping_status":"open","sticky":false,"template":"","format":"standard","meta":{"footnotes":""},"categories":[13],"tags":[],"class_list":["post-1220","post","type-post","status-publish","format-standard","has-post-thumbnail","hentry","category-noticias"],"_links":{"self":[{"href":"https:\/\/incp.org.co\/agendatributariaincp\/wp-json\/wp\/v2\/posts\/1220","targetHints":{"allow":["GET"]}}],"collection":[{"href":"https:\/\/incp.org.co\/agendatributariaincp\/wp-json\/wp\/v2\/posts"}],"about":[{"href":"https:\/\/incp.org.co\/agendatributariaincp\/wp-json\/wp\/v2\/types\/post"}],"author":[{"embeddable":true,"href":"https:\/\/incp.org.co\/agendatributariaincp\/wp-json\/wp\/v2\/users\/20622"}],"replies":[{"embeddable":true,"href":"https:\/\/incp.org.co\/agendatributariaincp\/wp-json\/wp\/v2\/comments?post=1220"}],"version-history":[{"count":1,"href":"https:\/\/incp.org.co\/agendatributariaincp\/wp-json\/wp\/v2\/posts\/1220\/revisions"}],"predecessor-version":[{"id":1221,"href":"https:\/\/incp.org.co\/agendatributariaincp\/wp-json\/wp\/v2\/posts\/1220\/revisions\/1221"}],"wp:featuredmedia":[{"embeddable":true,"href":"https:\/\/incp.org.co\/agendatributariaincp\/wp-json\/wp\/v2\/media\/1216"}],"wp:attachment":[{"href":"https:\/\/incp.org.co\/agendatributariaincp\/wp-json\/wp\/v2\/media?parent=1220"}],"wp:term":[{"taxonomy":"category","embeddable":true,"href":"https:\/\/incp.org.co\/agendatributariaincp\/wp-json\/wp\/v2\/categories?post=1220"},{"taxonomy":"post_tag","embeddable":true,"href":"https:\/\/incp.org.co\/agendatributariaincp\/wp-json\/wp\/v2\/tags?post=1220"}],"curies":[{"name":"wp","href":"https:\/\/api.w.org\/{rel}","templated":true}]}}