{"id":1222,"date":"2023-07-31T08:42:02","date_gmt":"2023-07-31T13:42:02","guid":{"rendered":"https:\/\/incp.org.co\/agendatributariaincp\/?p=1222"},"modified":"2023-07-31T08:42:03","modified_gmt":"2023-07-31T13:42:03","slug":"envios-no-comerciales-procedentes-de-san-andres-y-providencia-no-pagarian-tributos-aduaneros","status":"publish","type":"post","link":"https:\/\/incp.org.co\/agendatributariaincp\/noticias\/2023\/07\/envios-no-comerciales-procedentes-de-san-andres-y-providencia-no-pagarian-tributos-aduaneros\/","title":{"rendered":"Env\u00edos no comerciales procedentes de San Andr\u00e9s y Providencia no pagar\u00edan tributos aduaneros"},"content":{"rendered":"\n<p>El pasado 27 de abril, el Ministerio de Comercio, Industria y Turismo (MINCIT) public\u00f3 un proyecto de decreto*, por medio del cual se modificar\u00eda el par\u00e1grafo del art\u00edculo 521 del <a href=\"https:\/\/www.suin-juriscol.gov.co\/viewDocument.asp?id=30036618\">Decreto 1165 de 2019<\/a> con el fin de establecer medidas para enfrentar las dificultades sociales, econ\u00f3micas y de conectividad a\u00e9rea que atraviesa el archipi\u00e9lago de San Andr\u00e9s, Providencia y Santa Catalina. Dichas dificultades han sido provocadas por la reducci\u00f3n de frecuencias a\u00e9reas en los meses de marzo y abril de 2023 como consecuencia de la salida del mercado de varias empresas del sector a\u00e9reo. Seg\u00fan MINCIT, esta coyuntura ha disminuido en un 30 % la venta de paquetes de turismo hacia el archipi\u00e9lago, generando p\u00e9rdidas econ\u00f3micas de alrededor de 60.000 millones de pesos en turismo y comercio.<\/p>\n\n\n\n<p>Recordemos que el art\u00edculo objeto de modificaci\u00f3n se\u00f1ala que los <a>env\u00edos por correspondencia en cantidades no comerciales procedentes de San Andr\u00e9s y Providencia hacia el territorio nacional no pagar\u00e1n tributos aduaneros<\/a>. Asimismo, indica que se entender\u00e1n por cantidades no comerciales hasta 3 unidades de la misma clase, que se introduzcan de manera ocasional y que consistan en art\u00edculos propios para el uso o consumo de una persona.<\/p>\n\n\n\n<p>As\u00ed pues, el proyecto pretende modificar el par\u00e1grafo del art\u00edculo 521 estableciendo que no pagar\u00e1n tributos los env\u00edos que lleguen al territorio nacional -por medio de la red de correspondencia- procedentes del Archipi\u00e9lago de San Andr\u00e9s, Providencia y Santa catalina, toda vez que se traten de env\u00edos en cantidades no comerciales que ser\u00e1n cantidades no superiores a 10 unidades de la misma clase vendidas al comprador en un solo d\u00eda. Para acogerse a este tratamiento, el remitente deber\u00e1 dejar constancia expresa de esta situaci\u00f3n en el documento de transporte, o en la factura o documento equivalente que haga sus veces, y observar las reglas se\u00f1aladas en los art\u00edculos 253 y siguientes del <a href=\"https:\/\/www.suin-juriscol.gov.co\/viewDocument.asp?id=30036618\">Decreto 1165 de 2019<\/a>.<\/p>\n\n\n\n<p>Usted podr\u00e1 enviar sus comentarios sobre este proyecto hasta el 11 de agosto de 2023 por medio del siguiente <a href=\"https:\/\/forms.office.com\/Pages\/ResponsePage.aspx?id=2GDqtEm-vECYxBjEO_1yHivi38WBCEdFkETiUcsqrzlUNEtSMDMzTDZEQjRBVlZWUUxIV0xCR1NYSiQlQCNjPTEu\">enlace<\/a>.<\/p>\n\n\n\n<p>Ver: <a href=\"https:\/\/incp.org.co\/agendatributariaincp\/wp-content\/uploads\/2023\/07\/Proyecto-de-decreto-\u2013-MinHcienda.pdf\" target=\"_blank\" rel=\"noreferrer noopener\">Proyecto de decreto \u2013 MinHacienda<\/a><\/p>\n\n\n\n<p><em>*\u201dPor el cual se modifica el par\u00e1grafo del art\u00edculo 521 del Decreto 1165 de 2019.\u201d<\/em><\/p>\n\n\n\n<p><strong>Redacci\u00f3n INCP<\/strong><\/p>\n","protected":false},"excerpt":{"rendered":"<p>El pasado 27 de abril, el Ministerio de Comercio, Industria y Turismo (MINCIT) public\u00f3 un proyecto de decreto*, por medio del cual se modificar\u00eda el par\u00e1grafo del art\u00edculo 521 del Decreto 1165 de 2019 con el fin de establecer medidas para enfrentar las dificultades sociales, econ\u00f3micas y de conectividad a\u00e9rea que atraviesa el archipi\u00e9lago de&hellip; <br \/> <a class=\"read-more\" href=\"https:\/\/incp.org.co\/agendatributariaincp\/noticias\/2023\/07\/envios-no-comerciales-procedentes-de-san-andres-y-providencia-no-pagarian-tributos-aduaneros\/\">Read more<\/a><\/p>\n","protected":false},"author":20622,"featured_media":1215,"comment_status":"open","ping_status":"open","sticky":false,"template":"","format":"standard","meta":{"footnotes":""},"categories":[13],"tags":[],"class_list":["post-1222","post","type-post","status-publish","format-standard","has-post-thumbnail","hentry","category-noticias"],"_links":{"self":[{"href":"https:\/\/incp.org.co\/agendatributariaincp\/wp-json\/wp\/v2\/posts\/1222","targetHints":{"allow":["GET"]}}],"collection":[{"href":"https:\/\/incp.org.co\/agendatributariaincp\/wp-json\/wp\/v2\/posts"}],"about":[{"href":"https:\/\/incp.org.co\/agendatributariaincp\/wp-json\/wp\/v2\/types\/post"}],"author":[{"embeddable":true,"href":"https:\/\/incp.org.co\/agendatributariaincp\/wp-json\/wp\/v2\/users\/20622"}],"replies":[{"embeddable":true,"href":"https:\/\/incp.org.co\/agendatributariaincp\/wp-json\/wp\/v2\/comments?post=1222"}],"version-history":[{"count":1,"href":"https:\/\/incp.org.co\/agendatributariaincp\/wp-json\/wp\/v2\/posts\/1222\/revisions"}],"predecessor-version":[{"id":1223,"href":"https:\/\/incp.org.co\/agendatributariaincp\/wp-json\/wp\/v2\/posts\/1222\/revisions\/1223"}],"wp:featuredmedia":[{"embeddable":true,"href":"https:\/\/incp.org.co\/agendatributariaincp\/wp-json\/wp\/v2\/media\/1215"}],"wp:attachment":[{"href":"https:\/\/incp.org.co\/agendatributariaincp\/wp-json\/wp\/v2\/media?parent=1222"}],"wp:term":[{"taxonomy":"category","embeddable":true,"href":"https:\/\/incp.org.co\/agendatributariaincp\/wp-json\/wp\/v2\/categories?post=1222"},{"taxonomy":"post_tag","embeddable":true,"href":"https:\/\/incp.org.co\/agendatributariaincp\/wp-json\/wp\/v2\/tags?post=1222"}],"curies":[{"name":"wp","href":"https:\/\/api.w.org\/{rel}","templated":true}]}}