{"id":1254,"date":"2023-08-11T09:29:54","date_gmt":"2023-08-11T14:29:54","guid":{"rendered":"https:\/\/incp.org.co\/agendatributariaincp\/?p=1254"},"modified":"2023-08-11T09:29:56","modified_gmt":"2023-08-11T14:29:56","slug":"la-dian-compilo-doctrina-sobre-la-reforma-tributaria","status":"publish","type":"post","link":"https:\/\/incp.org.co\/agendatributariaincp\/noticias\/2023\/08\/la-dian-compilo-doctrina-sobre-la-reforma-tributaria\/","title":{"rendered":"La DIAN compil\u00f3 doctrina sobre la reforma tributaria"},"content":{"rendered":"\n<p>La Direcci\u00f3n de Impuestos y Aduanas Nacionales (DIAN) emiti\u00f3 el pasado 4 de agosto el Concepto 849 de 2023 por medio del cual compil\u00f3 toda la doctrina oficial sobre la reforma tributaria. Este concepto re\u00fane las respuestas de la administraci\u00f3n tributaria a las principales inquietudes que los contribuyentes han manifestado sobre la incidencia que la Ley 2277 de 2022 tuvo en el impuesto sobre la renta y complementarios, el r\u00e9gimen simple de tributaci\u00f3n, el impuesto al patrimonio y el impuesto de timbre nacional, as\u00ed como precisiones sobre los nuevos y vigentes impuestos ambientales y saludables, el procedimiento tributario y aduanero, y las derogatorias.<\/p>\n\n\n\n<p>Para m\u00e1s detalles, consulte el documento a continuaci\u00f3n.<\/p>\n\n\n\n<p>Ver: <a href=\"https:\/\/incp.org.co\/agendatributariaincp\/wp-content\/uploads\/2023\/08\/Compilacion-de-la-doctrina-oficial-sobre-la-Ley-2277-de-2022-DIAN.pdf\" target=\"_blank\" rel=\"noreferrer noopener\">Compilaci\u00f3n de la doctrina oficial sobre la Ley 2277 de 2022 \u2013 DIAN<\/a><\/p>\n\n\n\n<p><strong>Redacci\u00f3n INCP<\/strong><\/p>\n","protected":false},"excerpt":{"rendered":"<p>La Direcci\u00f3n de Impuestos y Aduanas Nacionales (DIAN) emiti\u00f3 el pasado 4 de agosto el Concepto 849 de 2023 por medio del cual compil\u00f3 toda la doctrina oficial sobre la reforma tributaria. Este concepto re\u00fane las respuestas de la administraci\u00f3n tributaria a las principales inquietudes que los contribuyentes han manifestado sobre la incidencia que la&hellip; <br \/> <a class=\"read-more\" href=\"https:\/\/incp.org.co\/agendatributariaincp\/noticias\/2023\/08\/la-dian-compilo-doctrina-sobre-la-reforma-tributaria\/\">Read more<\/a><\/p>\n","protected":false},"author":20622,"featured_media":1248,"comment_status":"open","ping_status":"open","sticky":false,"template":"","format":"standard","meta":{"footnotes":""},"categories":[13],"tags":[],"class_list":["post-1254","post","type-post","status-publish","format-standard","has-post-thumbnail","hentry","category-noticias"],"_links":{"self":[{"href":"https:\/\/incp.org.co\/agendatributariaincp\/wp-json\/wp\/v2\/posts\/1254","targetHints":{"allow":["GET"]}}],"collection":[{"href":"https:\/\/incp.org.co\/agendatributariaincp\/wp-json\/wp\/v2\/posts"}],"about":[{"href":"https:\/\/incp.org.co\/agendatributariaincp\/wp-json\/wp\/v2\/types\/post"}],"author":[{"embeddable":true,"href":"https:\/\/incp.org.co\/agendatributariaincp\/wp-json\/wp\/v2\/users\/20622"}],"replies":[{"embeddable":true,"href":"https:\/\/incp.org.co\/agendatributariaincp\/wp-json\/wp\/v2\/comments?post=1254"}],"version-history":[{"count":1,"href":"https:\/\/incp.org.co\/agendatributariaincp\/wp-json\/wp\/v2\/posts\/1254\/revisions"}],"predecessor-version":[{"id":1255,"href":"https:\/\/incp.org.co\/agendatributariaincp\/wp-json\/wp\/v2\/posts\/1254\/revisions\/1255"}],"wp:featuredmedia":[{"embeddable":true,"href":"https:\/\/incp.org.co\/agendatributariaincp\/wp-json\/wp\/v2\/media\/1248"}],"wp:attachment":[{"href":"https:\/\/incp.org.co\/agendatributariaincp\/wp-json\/wp\/v2\/media?parent=1254"}],"wp:term":[{"taxonomy":"category","embeddable":true,"href":"https:\/\/incp.org.co\/agendatributariaincp\/wp-json\/wp\/v2\/categories?post=1254"},{"taxonomy":"post_tag","embeddable":true,"href":"https:\/\/incp.org.co\/agendatributariaincp\/wp-json\/wp\/v2\/tags?post=1254"}],"curies":[{"name":"wp","href":"https:\/\/api.w.org\/{rel}","templated":true}]}}