{"id":1256,"date":"2023-08-11T09:30:36","date_gmt":"2023-08-11T14:30:36","guid":{"rendered":"https:\/\/incp.org.co\/agendatributariaincp\/?p=1256"},"modified":"2023-08-11T09:30:38","modified_gmt":"2023-08-11T14:30:38","slug":"especial-de-renta-personas-naturales-ano-gravable-2022","status":"publish","type":"post","link":"https:\/\/incp.org.co\/agendatributariaincp\/noticias\/2023\/08\/especial-de-renta-personas-naturales-ano-gravable-2022\/","title":{"rendered":"Especial de renta personas naturales \u2013 a\u00f1o gravable 2022"},"content":{"rendered":"\n<p>El Instituto Nacional de Contadores P\u00fablicos &#8211;<strong>INCP<\/strong> le recuerda que a partir hoy, 9 de agosto, y hasta el pr\u00f3ximo 19 de octubre de 2023, las personas naturales que cumplan alguna de las siguientes condiciones est\u00e1n obligadas a presentar la declaraci\u00f3n del impuesto sobre la renta y complementario por el a\u00f1o gravable 2022:<\/p>\n\n\n\n<ol class=\"wp-block-list\" type=\"1\">\n<li>Patrimonio bruto al finalizar el a\u00f1o gravable 2022 superior a <strong>$171.018.000<\/strong> (4.500 UVT).<\/li>\n\n\n\n<li>Ingresos brutos al finalizar el a\u00f1o gravable 2022 superiores a <strong>$53.206.000<\/strong> (1.400 UVT).<\/li>\n\n\n\n<li>Consumos mediante tarjeta de cr\u00e9dito durante el a\u00f1o gravable 2022 superiores a <strong>$53.206.000<\/strong> (1.400 UVT).<\/li>\n\n\n\n<li>Valor total de compras y consumos durante el a\u00f1o gravable 2022 superior a <strong>$53.206.000<\/strong> (1.400 UVT).<\/li>\n\n\n\n<li>Valor total acumulado al finalizar el a\u00f1o gravable 2022 de consignaciones bancarias, dep\u00f3sitos o inversiones financieras superior a <strong>$53.206.000<\/strong> (1.400 UVT).<\/li>\n<\/ol>\n\n\n\n<p><a>Para m\u00e1s informaci\u00f3n, ingrese al contenido titulado \ua78c<\/a><a href=\"https:\/\/incp.org.co\/revista-el-contador-publico\/aspectos-clave-de-la-declaracion-del-impuesto-sobre-la-renta-de-personas-naturales-ano-gravable-2022\/\"><em>Aspectos clave de la declaraci\u00f3n del impuesto sobre la renta de personas naturales a\u00f1o gravable 2022<\/em><\/a><em>\ua78c<\/em>, el cual fue publicado por el <strong>INCP<\/strong> en la edici\u00f3n 218 de su revista <em>El Contador P\u00fablico<\/em>.<\/p>\n\n\n\n<p><strong>Redacci\u00f3n INCP<\/strong><\/p>\n","protected":false},"excerpt":{"rendered":"<p>El Instituto Nacional de Contadores P\u00fablicos &#8211;INCP le recuerda que a partir hoy, 9 de agosto, y hasta el pr\u00f3ximo 19 de octubre de 2023, las personas naturales que cumplan alguna de las siguientes condiciones est\u00e1n obligadas a presentar la declaraci\u00f3n del impuesto sobre la renta y complementario por el a\u00f1o gravable 2022: Para m\u00e1s&hellip; <br \/> <a class=\"read-more\" href=\"https:\/\/incp.org.co\/agendatributariaincp\/noticias\/2023\/08\/especial-de-renta-personas-naturales-ano-gravable-2022\/\">Read more<\/a><\/p>\n","protected":false},"author":20622,"featured_media":1249,"comment_status":"open","ping_status":"open","sticky":false,"template":"","format":"standard","meta":{"footnotes":""},"categories":[13],"tags":[],"class_list":["post-1256","post","type-post","status-publish","format-standard","has-post-thumbnail","hentry","category-noticias"],"_links":{"self":[{"href":"https:\/\/incp.org.co\/agendatributariaincp\/wp-json\/wp\/v2\/posts\/1256","targetHints":{"allow":["GET"]}}],"collection":[{"href":"https:\/\/incp.org.co\/agendatributariaincp\/wp-json\/wp\/v2\/posts"}],"about":[{"href":"https:\/\/incp.org.co\/agendatributariaincp\/wp-json\/wp\/v2\/types\/post"}],"author":[{"embeddable":true,"href":"https:\/\/incp.org.co\/agendatributariaincp\/wp-json\/wp\/v2\/users\/20622"}],"replies":[{"embeddable":true,"href":"https:\/\/incp.org.co\/agendatributariaincp\/wp-json\/wp\/v2\/comments?post=1256"}],"version-history":[{"count":1,"href":"https:\/\/incp.org.co\/agendatributariaincp\/wp-json\/wp\/v2\/posts\/1256\/revisions"}],"predecessor-version":[{"id":1257,"href":"https:\/\/incp.org.co\/agendatributariaincp\/wp-json\/wp\/v2\/posts\/1256\/revisions\/1257"}],"wp:featuredmedia":[{"embeddable":true,"href":"https:\/\/incp.org.co\/agendatributariaincp\/wp-json\/wp\/v2\/media\/1249"}],"wp:attachment":[{"href":"https:\/\/incp.org.co\/agendatributariaincp\/wp-json\/wp\/v2\/media?parent=1256"}],"wp:term":[{"taxonomy":"category","embeddable":true,"href":"https:\/\/incp.org.co\/agendatributariaincp\/wp-json\/wp\/v2\/categories?post=1256"},{"taxonomy":"post_tag","embeddable":true,"href":"https:\/\/incp.org.co\/agendatributariaincp\/wp-json\/wp\/v2\/tags?post=1256"}],"curies":[{"name":"wp","href":"https:\/\/api.w.org\/{rel}","templated":true}]}}