{"id":1258,"date":"2023-08-11T09:31:12","date_gmt":"2023-08-11T14:31:12","guid":{"rendered":"https:\/\/incp.org.co\/agendatributariaincp\/?p=1258"},"modified":"2023-08-11T09:31:14","modified_gmt":"2023-08-11T14:31:14","slug":"la-dian-mejorara-la-experiencia-del-usuario-para-la-declaracion-de-renta","status":"publish","type":"post","link":"https:\/\/incp.org.co\/agendatributariaincp\/noticias\/2023\/08\/la-dian-mejorara-la-experiencia-del-usuario-para-la-declaracion-de-renta\/","title":{"rendered":"La DIAN mejorar\u00e1 la experiencia del usuario para la declaraci\u00f3n de renta"},"content":{"rendered":"\n<p>La Direcci\u00f3n de Impuestos y Aduanas Nacionales (DIAN), en pro de facilitar el cumplimiento de las obligaciones tributarias por parte de los contribuyentes, implementar\u00e1 una serie de ajustes innovadores que pretenden mejorar la experiencia del usuario al momento de realizar la declaraci\u00f3n de renta del a\u00f1o gravable 2022. Esto consiste en la habilitaci\u00f3n de una nueva versi\u00f3n de la interfaz web para presentar la declaraci\u00f3n de renta para personas naturales, de manera que sea m\u00e1s asequible y comprensible para el p\u00fablico en general.<\/p>\n\n\n\n<p>Asimismo, a finales de julio se hizo m\u00e1s simple el proceso de habilitaci\u00f3n de cuenta, el ingreso a la sesi\u00f3n de usuario de los servicios en l\u00ednea y la recuperaci\u00f3n de contrase\u00f1a.<\/p>\n\n\n\n<p>La DIAN inform\u00f3 que antes de poner a disposici\u00f3n de la ciudadan\u00eda las innovaciones mencionadas, dar\u00e1 a conocer los detalles de los cambios a trav\u00e9s de capacitaciones e instructivos.<\/p>\n\n\n\n<p>Desde el Instituto Nacional de Contadores P\u00fablicos \u2013 <strong>INCP<\/strong>, le recordamos que esta semana iniciaron los vencimientos del <a href=\"https:\/\/incp.org.co\/calendario-tributario-2023\/\">calendario tributario<\/a>, los cuales terminan el jueves 19 de octubre.<a> P<\/a>ara m\u00e1s informaci\u00f3n sobre los <a href=\"https:\/\/incp.org.co\/revista-el-contador-publico\/aspectos-clave-de-la-declaracion-del-impuesto-sobre-la-renta-de-personas-naturales-ano-gravable-2022\/\">Aspectos clave de la declaraci\u00f3n del impuesto sobre la renta de personas naturales a\u00f1o gravable 2022<\/a>, revise nuestro contenido publicado en la edici\u00f3n 218 de la revista <em>El Contador P\u00fablico<\/em>.<\/p>\n\n\n\n<p><strong>Redacci\u00f3n INCP<\/strong><\/p>\n","protected":false},"excerpt":{"rendered":"<p>La Direcci\u00f3n de Impuestos y Aduanas Nacionales (DIAN), en pro de facilitar el cumplimiento de las obligaciones tributarias por parte de los contribuyentes, implementar\u00e1 una serie de ajustes innovadores que pretenden mejorar la experiencia del usuario al momento de realizar la declaraci\u00f3n de renta del a\u00f1o gravable 2022. Esto consiste en la habilitaci\u00f3n de una&hellip; <br \/> <a class=\"read-more\" href=\"https:\/\/incp.org.co\/agendatributariaincp\/noticias\/2023\/08\/la-dian-mejorara-la-experiencia-del-usuario-para-la-declaracion-de-renta\/\">Read more<\/a><\/p>\n","protected":false},"author":20622,"featured_media":1251,"comment_status":"open","ping_status":"open","sticky":false,"template":"","format":"standard","meta":{"footnotes":""},"categories":[13],"tags":[],"class_list":["post-1258","post","type-post","status-publish","format-standard","has-post-thumbnail","hentry","category-noticias"],"_links":{"self":[{"href":"https:\/\/incp.org.co\/agendatributariaincp\/wp-json\/wp\/v2\/posts\/1258","targetHints":{"allow":["GET"]}}],"collection":[{"href":"https:\/\/incp.org.co\/agendatributariaincp\/wp-json\/wp\/v2\/posts"}],"about":[{"href":"https:\/\/incp.org.co\/agendatributariaincp\/wp-json\/wp\/v2\/types\/post"}],"author":[{"embeddable":true,"href":"https:\/\/incp.org.co\/agendatributariaincp\/wp-json\/wp\/v2\/users\/20622"}],"replies":[{"embeddable":true,"href":"https:\/\/incp.org.co\/agendatributariaincp\/wp-json\/wp\/v2\/comments?post=1258"}],"version-history":[{"count":1,"href":"https:\/\/incp.org.co\/agendatributariaincp\/wp-json\/wp\/v2\/posts\/1258\/revisions"}],"predecessor-version":[{"id":1259,"href":"https:\/\/incp.org.co\/agendatributariaincp\/wp-json\/wp\/v2\/posts\/1258\/revisions\/1259"}],"wp:featuredmedia":[{"embeddable":true,"href":"https:\/\/incp.org.co\/agendatributariaincp\/wp-json\/wp\/v2\/media\/1251"}],"wp:attachment":[{"href":"https:\/\/incp.org.co\/agendatributariaincp\/wp-json\/wp\/v2\/media?parent=1258"}],"wp:term":[{"taxonomy":"category","embeddable":true,"href":"https:\/\/incp.org.co\/agendatributariaincp\/wp-json\/wp\/v2\/categories?post=1258"},{"taxonomy":"post_tag","embeddable":true,"href":"https:\/\/incp.org.co\/agendatributariaincp\/wp-json\/wp\/v2\/tags?post=1258"}],"curies":[{"name":"wp","href":"https:\/\/api.w.org\/{rel}","templated":true}]}}