{"id":1282,"date":"2023-09-07T16:41:29","date_gmt":"2023-09-07T21:41:29","guid":{"rendered":"https:\/\/incp.org.co\/agendatributariaincp\/?p=1282"},"modified":"2023-09-07T16:41:30","modified_gmt":"2023-09-07T21:41:30","slug":"la-responsabilidad-de-la-presentacion-de-la-declaracion-de-renta-es-del-contribuyente-no-del-contador","status":"publish","type":"post","link":"https:\/\/incp.org.co\/agendatributariaincp\/noticias\/2023\/09\/la-responsabilidad-de-la-presentacion-de-la-declaracion-de-renta-es-del-contribuyente-no-del-contador\/","title":{"rendered":"La responsabilidad de la presentaci\u00f3n de la declaraci\u00f3n de renta es del contribuyente, no del contador"},"content":{"rendered":"\n<p>El director de la DIAN, Luis Carlos Reyes, precis\u00f3 que la responsabilidad de la presentaci\u00f3n de la declaraci\u00f3n de renta de personas naturales es del contribuyente y que, aunque se haga uso del asesoramiento por parte de un contador p\u00fablico, esto no lo exime de sus responsabilidades. Asimismo, Reyes se refiri\u00f3 a la importancia de buscar una buena asesor\u00eda, es decir, elegir un contador que se ci\u00f1a a la norma, que sea honesto, que tenga una buena reputaci\u00f3n y que no busque atajos a la ley.<\/p>\n\n\n\n<p>Para m\u00e1s informaci\u00f3n, revise el art\u00edculo a continuaci\u00f3n.<\/p>\n\n\n\n<p><strong>Redacci\u00f3n INCP<\/strong><\/p>\n\n\n\n<p>Articulo relacionado: <a href=\"https:\/\/incp.org.co\/especial-de-renta-personas-naturales-ano-gravable-2022\/\">Especial de renta personas naturales \u2013 a\u00f1o gravable 2022<\/a><\/p>\n\n\n\n<p><em>Para m\u00e1s informaci\u00f3n revise la nota period\u00edstica \u201c\u00bfDeclaraci\u00f3n de renta es mejor que la haga usted o contador? Director de Dian explica\u201d publicada por El Tiempo.<\/em><\/p>\n\n\n\n<p><strong>\u00bfDeclaraci\u00f3n de renta es mejor que la haga usted o contador? Director de Dian explica<\/strong><\/p>\n\n\n\n<p>La declaraci\u00f3n de renta debe ser presentada por varios colombianos. Desde el 9 de agosto y hasta el 18 de octubre, se dispuso para que los ciudadanos briden la informaci\u00f3n necesaria sobre su patrimonio a la Direcci\u00f3n de Impuestos y Aduanas Nacionales (Dian).<\/p>\n\n\n\n<p>Algunos, ya sea porque declaran renta por primera vez, pueden sentirse confundidos ante el proceso y preguntarse si hacerla individualmente o acudir a un contador. Sobre dicho planteamiento, Luis Carlos Reyes, director de la Dian, brind\u00f3 unas precisiones.<\/p>\n\n\n\n<p>Recuerde que la declaraci\u00f3n de renta es la informaci\u00f3n que se le muestra a la Dian para calcular lo que debe pagar de impuesto, bas\u00e1ndose en su situaci\u00f3n financiera.<\/p>\n\n\n\n<p>Se trata del valor que las personas naturales pagan al Estado, sean empleados o independientes, de acuerdo con ganancias, salarios, compras, comisiones y otros ingresos del a\u00f1o anterior.<\/p>\n\n\n\n<p><strong>\u00bfHacer la declaraci\u00f3n de renta usted mismo o con contador?<\/strong><\/p>\n\n\n\n<p>Ante la pregunta que hacen con frecuencia, el director de la Dian les aclar\u00f3 a los contribuyentes que, independientemente de c\u00f3mo la hagan, deben asumir las responsabilidades.<\/p>\n\n\n\n<p>&#8220;Incluso, si uno se asesora de un contador, sigue siendo igualmente responsable por cualquier imprecisi\u00f3n que pueda haber. Y las multas en caso de un error son las mismas&#8221;, sostuvo.<\/p>\n\n\n\n<p>Para Reyes, &#8220;es importante buscar una buena asesor\u00eda&#8221;. En dado caso, aconseja elegir muy bien a un contador &#8220;que se ci\u00f1a a la norma&#8221;.<\/p>\n\n\n\n<p>&#8220;Que tenga una reputaci\u00f3n de honestidad y de probidad en su trabajo, que no busquen atajos porque la ley hay que cumplirla&#8221;, sentenci\u00f3 el economista.<\/p>\n\n\n\n<p>Adem\u00e1s, aprovech\u00f3 para recordar que la Dian tiene habilitados sus canales de atenci\u00f3n para resolver las dudas sobre c\u00f3mo presentar de manera correcta la declaraci\u00f3n de renta.<\/p>\n\n\n\n<p><strong>\u00bfC\u00f3mo sabe si debe presentar la declaraci\u00f3n de renta 2023?<\/strong><\/p>\n\n\n\n<p>Hay que tener en cuenta una serie de topes. Si cumple alguno, &#8220;la persona ya est\u00e1 en la obligaci\u00f3n de presentar el impuesto sobre la renta&#8221;, precis\u00f3 se\u00f1al\u00f3 Alexandra Gnecco, directora administrativa de EY Colombia, para EL TIEMPO. El primero es el tope de ingresos.<\/p>\n\n\n\n<p>Si durante 2022 sus ingresos superaron las 1.400 UVT ($ 53.206.000), est\u00e1 en la obligaci\u00f3n de declarar. &#8220;Aqu\u00ed entran todos los ingresos, no solo los derivados del trabajo, sino tambi\u00e9n si se recibieron arrendamientos, dividendos, si vendi\u00f3 un carro o un inmueble&#8221;, detall\u00f3 Gnecco.<\/p>\n\n\n\n<p>Otros de los topes son los siguientes:<\/p>\n\n\n\n<p>&#8211; Patrimonio bruto que el \u00faltimo d\u00eda del a\u00f1o 2022 supere 4.500 UVT ($ 171.018.000).<\/p>\n\n\n\n<p>&#8211; Consumos mediante tarjeta de cr\u00e9dito superiores a 1.400 UVT ($ 53.206.000).<\/p>\n\n\n\n<p>&#8211; Compras y consumos superiores a 1.400 UVT ($ 53.206.000)<\/p>\n\n\n\n<p>&#8211; Consignaciones bancarias acumuladas superiores a 1.400 UVT ($ 53.206.000).<\/p>\n\n\n\n<p>&#8220;Cualquiera de estos requisitos hace a la persona declarante. Si por ejemplo no tuvo los ingresos mencionados, pero tuvo un patrimonio superior a 171 millones de pesos, ya es declarante&#8221;, se\u00f1al\u00f3.<\/p>\n\n\n\n<p><strong>\u00bfQu\u00e9 es declaraci\u00f3n de renta sugerida?<\/strong><\/p>\n\n\n\n<p>Varios han recibido en sus correos electr\u00f3nicos el siguiente mensaje de la Dian: &#8220;Hay una declaraci\u00f3n sugerida del Impuesto sobre la Renta y Complementario para usted&#8221;.<\/p>\n\n\n\n<p>Si a usted le lleg\u00f3 el mencionado correo, debe saber que es una herramienta editable para ayudarle a hacer la declaraci\u00f3n formal.<\/p>\n\n\n\n<p>&#8220;La declaraci\u00f3n sugerida viene de los datos que recibe la Dian de muchas fuentes, por ejemplo, cuando su empleador nos cuenta cu\u00e1nto le paga, cuando su banco nos cuenta lo que usted tiene en sus cuentas bancarias o cuando sus clientes nos cuentan las transacciones que hacen con usted&#8221;, coment\u00f3 Reyes.<\/p>\n\n\n\n<p>Usted puede modificar los datos all\u00ed consignados y luego enviar el formulario para cumplir con el requisito. Tambi\u00e9n puede asesorarse de un contador. De igual forma, la entidad cuenta con una funci\u00f3n conocida como &#8216;Ayuda Renta&#8217; en su p\u00e1gina web, en la cual el contribuyente puede realizar el tr\u00e1mite con la informaci\u00f3n que se disponga.<\/p>\n\n\n\n<p><strong>Fuente: El Tiempo<\/strong><strong><u><\/u><\/strong><\/p>\n","protected":false},"excerpt":{"rendered":"<p>El director de la DIAN, Luis Carlos Reyes, precis\u00f3 que la responsabilidad de la presentaci\u00f3n de la declaraci\u00f3n de renta de personas naturales es del contribuyente y que, aunque se haga uso del asesoramiento por parte de un contador p\u00fablico, esto no lo exime de sus responsabilidades. Asimismo, Reyes se refiri\u00f3 a la importancia de&hellip; <br \/> <a class=\"read-more\" href=\"https:\/\/incp.org.co\/agendatributariaincp\/noticias\/2023\/09\/la-responsabilidad-de-la-presentacion-de-la-declaracion-de-renta-es-del-contribuyente-no-del-contador\/\">Read more<\/a><\/p>\n","protected":false},"author":20622,"featured_media":1263,"comment_status":"open","ping_status":"open","sticky":false,"template":"","format":"standard","meta":{"footnotes":""},"categories":[13],"tags":[],"class_list":["post-1282","post","type-post","status-publish","format-standard","has-post-thumbnail","hentry","category-noticias"],"_links":{"self":[{"href":"https:\/\/incp.org.co\/agendatributariaincp\/wp-json\/wp\/v2\/posts\/1282","targetHints":{"allow":["GET"]}}],"collection":[{"href":"https:\/\/incp.org.co\/agendatributariaincp\/wp-json\/wp\/v2\/posts"}],"about":[{"href":"https:\/\/incp.org.co\/agendatributariaincp\/wp-json\/wp\/v2\/types\/post"}],"author":[{"embeddable":true,"href":"https:\/\/incp.org.co\/agendatributariaincp\/wp-json\/wp\/v2\/users\/20622"}],"replies":[{"embeddable":true,"href":"https:\/\/incp.org.co\/agendatributariaincp\/wp-json\/wp\/v2\/comments?post=1282"}],"version-history":[{"count":1,"href":"https:\/\/incp.org.co\/agendatributariaincp\/wp-json\/wp\/v2\/posts\/1282\/revisions"}],"predecessor-version":[{"id":1283,"href":"https:\/\/incp.org.co\/agendatributariaincp\/wp-json\/wp\/v2\/posts\/1282\/revisions\/1283"}],"wp:featuredmedia":[{"embeddable":true,"href":"https:\/\/incp.org.co\/agendatributariaincp\/wp-json\/wp\/v2\/media\/1263"}],"wp:attachment":[{"href":"https:\/\/incp.org.co\/agendatributariaincp\/wp-json\/wp\/v2\/media?parent=1282"}],"wp:term":[{"taxonomy":"category","embeddable":true,"href":"https:\/\/incp.org.co\/agendatributariaincp\/wp-json\/wp\/v2\/categories?post=1282"},{"taxonomy":"post_tag","embeddable":true,"href":"https:\/\/incp.org.co\/agendatributariaincp\/wp-json\/wp\/v2\/tags?post=1282"}],"curies":[{"name":"wp","href":"https:\/\/api.w.org\/{rel}","templated":true}]}}