{"id":1284,"date":"2023-09-07T16:42:33","date_gmt":"2023-09-07T21:42:33","guid":{"rendered":"https:\/\/incp.org.co\/agendatributariaincp\/?p=1284"},"modified":"2023-09-07T16:42:34","modified_gmt":"2023-09-07T21:42:34","slug":"designada-nueva-defensora-del-contribuyente-y-del-usuario-aduanero","status":"publish","type":"post","link":"https:\/\/incp.org.co\/agendatributariaincp\/noticias\/2023\/09\/designada-nueva-defensora-del-contribuyente-y-del-usuario-aduanero\/","title":{"rendered":"Designada nueva defensora del contribuyente y del usuario aduanero"},"content":{"rendered":"\n<p>La Direcci\u00f3n de Impuestos y Aduanas Nacionales (DIAN) comunic\u00f3 en d\u00edas pasados que por medio del Decreto 1076 de 2023, el Ministerio de Hacienda y Cr\u00e9dito P\u00fablico nombr\u00f3 a la nueva defensora del contribuyente y del usuario aduanero. Se trata de Sonia Esther Osorio Vesga, abogada especializada en derecho tributario, con experiencia de m\u00e1s de 32 a\u00f1os como asesora independiente, ha sido funcionaria y directiva en varias entidades distritales y nacionales.<\/p>\n\n\n\n<p>En la DIAN, Sonia Esther ocup\u00f3 la Subdirecci\u00f3n de Gesti\u00f3n de Empleo P\u00fablico, fue asesora de la Direcci\u00f3n General y de la oficina jur\u00eddica, as\u00ed como de la oficina de normativa y doctrina. Tambi\u00e9n fue profesional en la Divisi\u00f3n de Fiscalizaci\u00f3n de Grandes Contribuyentes, entre otros cargos que ocup\u00f3 dentro de la administraci\u00f3n tributaria.<\/p>\n\n\n\n<p>Para m\u00e1s detalles, consulta el documento a continuaci\u00f3n.<\/p>\n\n\n\n<p>Ver: <a href=\"https:\/\/incp.org.co\/agendatributariaincp\/wp-content\/uploads\/2023\/09\/Comunicado-DIAN.pdf\" data-type=\"URL\" data-id=\"https:\/\/incp.org.co\/agendatributariaincp\/wp-content\/uploads\/2023\/09\/Comunicado-DIAN.pdf\">Comunicado DIAN<\/a><\/p>\n\n\n\n<p><strong>Redacci\u00f3n INCP<\/strong><\/p>\n","protected":false},"excerpt":{"rendered":"<p>La Direcci\u00f3n de Impuestos y Aduanas Nacionales (DIAN) comunic\u00f3 en d\u00edas pasados que por medio del Decreto 1076 de 2023, el Ministerio de Hacienda y Cr\u00e9dito P\u00fablico nombr\u00f3 a la nueva defensora del contribuyente y del usuario aduanero. Se trata de Sonia Esther Osorio Vesga, abogada especializada en derecho tributario, con experiencia de m\u00e1s de&hellip; <br \/> <a class=\"read-more\" href=\"https:\/\/incp.org.co\/agendatributariaincp\/noticias\/2023\/09\/designada-nueva-defensora-del-contribuyente-y-del-usuario-aduanero\/\">Read more<\/a><\/p>\n","protected":false},"author":20622,"featured_media":1264,"comment_status":"open","ping_status":"open","sticky":false,"template":"","format":"standard","meta":{"footnotes":""},"categories":[13],"tags":[],"class_list":["post-1284","post","type-post","status-publish","format-standard","has-post-thumbnail","hentry","category-noticias"],"_links":{"self":[{"href":"https:\/\/incp.org.co\/agendatributariaincp\/wp-json\/wp\/v2\/posts\/1284","targetHints":{"allow":["GET"]}}],"collection":[{"href":"https:\/\/incp.org.co\/agendatributariaincp\/wp-json\/wp\/v2\/posts"}],"about":[{"href":"https:\/\/incp.org.co\/agendatributariaincp\/wp-json\/wp\/v2\/types\/post"}],"author":[{"embeddable":true,"href":"https:\/\/incp.org.co\/agendatributariaincp\/wp-json\/wp\/v2\/users\/20622"}],"replies":[{"embeddable":true,"href":"https:\/\/incp.org.co\/agendatributariaincp\/wp-json\/wp\/v2\/comments?post=1284"}],"version-history":[{"count":1,"href":"https:\/\/incp.org.co\/agendatributariaincp\/wp-json\/wp\/v2\/posts\/1284\/revisions"}],"predecessor-version":[{"id":1285,"href":"https:\/\/incp.org.co\/agendatributariaincp\/wp-json\/wp\/v2\/posts\/1284\/revisions\/1285"}],"wp:featuredmedia":[{"embeddable":true,"href":"https:\/\/incp.org.co\/agendatributariaincp\/wp-json\/wp\/v2\/media\/1264"}],"wp:attachment":[{"href":"https:\/\/incp.org.co\/agendatributariaincp\/wp-json\/wp\/v2\/media?parent=1284"}],"wp:term":[{"taxonomy":"category","embeddable":true,"href":"https:\/\/incp.org.co\/agendatributariaincp\/wp-json\/wp\/v2\/categories?post=1284"},{"taxonomy":"post_tag","embeddable":true,"href":"https:\/\/incp.org.co\/agendatributariaincp\/wp-json\/wp\/v2\/tags?post=1284"}],"curies":[{"name":"wp","href":"https:\/\/api.w.org\/{rel}","templated":true}]}}