{"id":1286,"date":"2023-09-07T16:43:33","date_gmt":"2023-09-07T21:43:33","guid":{"rendered":"https:\/\/incp.org.co\/agendatributariaincp\/?p=1286"},"modified":"2023-09-07T16:43:34","modified_gmt":"2023-09-07T21:43:34","slug":"dian-realiza-precision-sobre-el-tratamiento-tributario-para-un-residente-fiscal-europeo-que-presta-servicios-en-colombia","status":"publish","type":"post","link":"https:\/\/incp.org.co\/agendatributariaincp\/noticias\/2023\/09\/dian-realiza-precision-sobre-el-tratamiento-tributario-para-un-residente-fiscal-europeo-que-presta-servicios-en-colombia\/","title":{"rendered":"DIAN realiza precisi\u00f3n sobre el tratamiento tributario para un residente fiscal europeo que presta servicios en Colombia"},"content":{"rendered":"\n<p>Por medio del Concepto 869 del 11 de agosto de 2023, la Direcci\u00f3n de Impuestos y Aduanas Nacionales resolvi\u00f3 la siguiente inquietud relacionada con el tratamiento tributario de los honorarios que recibe una persona con residencia fiscal en un pa\u00eds europeo por prestar servicios en Colombia para efectos del impuesto sobre la renta y complementarios:<\/p>\n\n\n\n<p><strong>\u00bfCu\u00e1l es el tratamiento, en materia del impuesto sobre la renta, aplicable a los honorarios obtenidos por una persona natural residente fiscal en Francia por la prestaci\u00f3n personal de servicios profesionales en Colombia en los que predomina el factor intelectual sobre el material, cuando dicho residente no ha permanecido en el pa\u00eds por m\u00e1s de 183 d\u00edas?<\/strong><\/p>\n\n\n\n<p>De conformidad con el art\u00edculo 7 del \ua78cConvenio entre el Gobierno de la Rep\u00fablica de Colombia y el Gobierno de la Rep\u00fablica Francesa para evitar la doble tributaci\u00f3n y prevenir la evasi\u00f3n y la elusi\u00f3n fiscal con respecto a los impuestos sobre la renta y sobre el patrimonio\ua78c aprobado por la Ley 2061 de 2020, los honorarios que reciba una persona natural con residencia fiscal en Francia por prestar servicios profesionales en Colombia y que no haya permanecido en el pa\u00eds por m\u00e1s de 183 d\u00edas, estar\u00e1n sometidos a tributaci\u00f3n en Francia toda vez que dichos servicios no se presten a trav\u00e9s de un establecimiento permanente en el pa\u00eds.<\/p>\n\n\n\n<p>En el caso en el que la persona natural residente en Francia desarrolle su trabajo cuando est\u00e1 contratado laboralmente por una empresa colombiana y que no haya permanecido por m\u00e1s de 183 d\u00edas en el pa\u00eds, estar\u00e1 sometido a tributaci\u00f3n en Colombia de acuerdo con el art\u00edculo 14 del Convenio en menci\u00f3n.<\/p>\n\n\n\n<p>Para m\u00e1s detalles, consulte el concepto completo a continuaci\u00f3n.<\/p>\n\n\n\n<p>Ver: <a href=\"https:\/\/incp.org.co\/agendatributariaincp\/wp-content\/uploads\/2023\/09\/Concepto-869-de-2023-DIAN.pdf\" data-type=\"URL\" data-id=\"https:\/\/incp.org.co\/agendatributariaincp\/wp-content\/uploads\/2023\/09\/Concepto-869-de-2023-DIAN.pdf\">Concepto 869 de 2023 &#8211; DIAN<\/a><\/p>\n\n\n\n<p><strong>Redacci\u00f3n INCP<\/strong><\/p>\n","protected":false},"excerpt":{"rendered":"<p>Por medio del Concepto 869 del 11 de agosto de 2023, la Direcci\u00f3n de Impuestos y Aduanas Nacionales resolvi\u00f3 la siguiente inquietud relacionada con el tratamiento tributario de los honorarios que recibe una persona con residencia fiscal en un pa\u00eds europeo por prestar servicios en Colombia para efectos del impuesto sobre la renta y complementarios:&hellip; <br \/> <a class=\"read-more\" href=\"https:\/\/incp.org.co\/agendatributariaincp\/noticias\/2023\/09\/dian-realiza-precision-sobre-el-tratamiento-tributario-para-un-residente-fiscal-europeo-que-presta-servicios-en-colombia\/\">Read more<\/a><\/p>\n","protected":false},"author":20622,"featured_media":1270,"comment_status":"open","ping_status":"open","sticky":false,"template":"","format":"standard","meta":{"footnotes":""},"categories":[13],"tags":[],"class_list":["post-1286","post","type-post","status-publish","format-standard","has-post-thumbnail","hentry","category-noticias"],"_links":{"self":[{"href":"https:\/\/incp.org.co\/agendatributariaincp\/wp-json\/wp\/v2\/posts\/1286","targetHints":{"allow":["GET"]}}],"collection":[{"href":"https:\/\/incp.org.co\/agendatributariaincp\/wp-json\/wp\/v2\/posts"}],"about":[{"href":"https:\/\/incp.org.co\/agendatributariaincp\/wp-json\/wp\/v2\/types\/post"}],"author":[{"embeddable":true,"href":"https:\/\/incp.org.co\/agendatributariaincp\/wp-json\/wp\/v2\/users\/20622"}],"replies":[{"embeddable":true,"href":"https:\/\/incp.org.co\/agendatributariaincp\/wp-json\/wp\/v2\/comments?post=1286"}],"version-history":[{"count":1,"href":"https:\/\/incp.org.co\/agendatributariaincp\/wp-json\/wp\/v2\/posts\/1286\/revisions"}],"predecessor-version":[{"id":1287,"href":"https:\/\/incp.org.co\/agendatributariaincp\/wp-json\/wp\/v2\/posts\/1286\/revisions\/1287"}],"wp:featuredmedia":[{"embeddable":true,"href":"https:\/\/incp.org.co\/agendatributariaincp\/wp-json\/wp\/v2\/media\/1270"}],"wp:attachment":[{"href":"https:\/\/incp.org.co\/agendatributariaincp\/wp-json\/wp\/v2\/media?parent=1286"}],"wp:term":[{"taxonomy":"category","embeddable":true,"href":"https:\/\/incp.org.co\/agendatributariaincp\/wp-json\/wp\/v2\/categories?post=1286"},{"taxonomy":"post_tag","embeddable":true,"href":"https:\/\/incp.org.co\/agendatributariaincp\/wp-json\/wp\/v2\/tags?post=1286"}],"curies":[{"name":"wp","href":"https:\/\/api.w.org\/{rel}","templated":true}]}}