{"id":1292,"date":"2023-09-07T16:45:43","date_gmt":"2023-09-07T21:45:43","guid":{"rendered":"https:\/\/incp.org.co\/agendatributariaincp\/?p=1292"},"modified":"2023-09-07T16:45:44","modified_gmt":"2023-09-07T21:45:44","slug":"dian-estableceria-nuevos-obligados-a-declarar-a-traves-de-sus-servicios-informaticos","status":"publish","type":"post","link":"https:\/\/incp.org.co\/agendatributariaincp\/noticias\/2023\/09\/dian-estableceria-nuevos-obligados-a-declarar-a-traves-de-sus-servicios-informaticos\/","title":{"rendered":"DIAN establecer\u00eda nuevos obligados a declarar a trav\u00e9s de sus servicios inform\u00e1ticos"},"content":{"rendered":"\n<p>En d\u00edas pasados, la Direcci\u00f3n de Impuestos y Aduanas Nacionales (DIAN) <a href=\"https:\/\/incp.org.co\/dian-estableceria-segundo-factor-de-autenticacion-para-firmar-documentos-electronicamente\/\">public\u00f3 un proyecto de resoluci\u00f3n<\/a> por medio del cual modificar\u00eda la Resoluci\u00f3n 70 de 2016 estableciendo un segundo factor de autenticaci\u00f3n para firmar un documento electr\u00f3nicamente, el cual constar\u00eda de un c\u00f3digo con caracteres alfanum\u00e9ricos que ser\u00eda enviado al correo electr\u00f3nico y\/o celular del firmante antes de hacer uso de la firma electr\u00f3nica en cualquier documento.<\/p>\n\n\n\n<p>Dicho proyecto de resoluci\u00f3n fue modificado* por la DIAN y publicado nuevamente para comentarios el pasado 31 de agosto. El nuevo documento mantiene las disposiciones para el establecimiento del segundo factor de autenticaci\u00f3n y, adem\u00e1s, propone adicionar el numeral 15 al art\u00edculo 1 de la Resoluci\u00f3n 12761 de 2011; recordemos que este se\u00f1ala cu\u00e1les son los contribuyentes, responsables, agentes de retenci\u00f3n, usuarios aduaneros y dem\u00e1s obligados que deben presentar las declaraciones y diligenciar los recibos de pago a trav\u00e9s de los servicios inform\u00e1ticos de la DIAN.<\/p>\n\n\n\n<p>La adici\u00f3n del mencionado numeral integra como obligados a las personas naturales declarantes del impuesto sobre la renta y complementarios, y a las personas naturales residentes a quienes se les hayan practicado retenciones en la fuente que, no siendo obligadas a presentar dicha declaraci\u00f3n, optan por presentarla.<\/p>\n\n\n\n<p>Usted podr\u00e1 enviar sus comentarios al nuevo proyecto hasta el 7 de septiembre de 2023 diligenciando <a href=\"https:\/\/forms.office.com\/pages\/responsepage.aspx?id=Wm6y-npzOESMzY5GXs8h2O4WREn3ZWxKr4Q7QYzy0TNUQVk4S1ZFVkdZVEI2NTRCNzE5V0NTMk5BRS4u\">este formulario<\/a>.<\/p>\n\n\n\n<p>Para m\u00e1s detalles, consulte el documento a continuaci\u00f3n.<\/p>\n\n\n\n<p>Ver:\u00a0<a href=\"https:\/\/incp.org.co\/agendatributariaincp\/wp-content\/uploads\/2023\/09\/Proyecto-de-resolucion-\u2013-DIAN.pdf\" data-type=\"URL\" data-id=\"https:\/\/incp.org.co\/agendatributariaincp\/wp-content\/uploads\/2023\/09\/Proyecto-de-resolucion-\u2013-DIAN.pdf\">Proyecto de resoluci\u00f3n \u2013 DIAN<\/a><\/p>\n\n\n\n<p><em><sub>*\u201dPor la cual se adiciona la Resoluci\u00f3n 12761 de 2011 y modifica parcialmente la Resoluci\u00f3n 000070 de 2016<\/sub><\/em><em><sub>\u201d<\/sub><\/em><sub><\/sub><\/p>\n\n\n\n<p><strong>Redacci\u00f3n INCP<\/strong><\/p>\n","protected":false},"excerpt":{"rendered":"<p>En d\u00edas pasados, la Direcci\u00f3n de Impuestos y Aduanas Nacionales (DIAN) public\u00f3 un proyecto de resoluci\u00f3n por medio del cual modificar\u00eda la Resoluci\u00f3n 70 de 2016 estableciendo un segundo factor de autenticaci\u00f3n para firmar un documento electr\u00f3nicamente, el cual constar\u00eda de un c\u00f3digo con caracteres alfanum\u00e9ricos que ser\u00eda enviado al correo electr\u00f3nico y\/o celular del&hellip; <br \/> <a class=\"read-more\" href=\"https:\/\/incp.org.co\/agendatributariaincp\/noticias\/2023\/09\/dian-estableceria-nuevos-obligados-a-declarar-a-traves-de-sus-servicios-informaticos\/\">Read more<\/a><\/p>\n","protected":false},"author":20622,"featured_media":1274,"comment_status":"open","ping_status":"open","sticky":false,"template":"","format":"standard","meta":{"footnotes":""},"categories":[13],"tags":[],"class_list":["post-1292","post","type-post","status-publish","format-standard","has-post-thumbnail","hentry","category-noticias"],"_links":{"self":[{"href":"https:\/\/incp.org.co\/agendatributariaincp\/wp-json\/wp\/v2\/posts\/1292","targetHints":{"allow":["GET"]}}],"collection":[{"href":"https:\/\/incp.org.co\/agendatributariaincp\/wp-json\/wp\/v2\/posts"}],"about":[{"href":"https:\/\/incp.org.co\/agendatributariaincp\/wp-json\/wp\/v2\/types\/post"}],"author":[{"embeddable":true,"href":"https:\/\/incp.org.co\/agendatributariaincp\/wp-json\/wp\/v2\/users\/20622"}],"replies":[{"embeddable":true,"href":"https:\/\/incp.org.co\/agendatributariaincp\/wp-json\/wp\/v2\/comments?post=1292"}],"version-history":[{"count":1,"href":"https:\/\/incp.org.co\/agendatributariaincp\/wp-json\/wp\/v2\/posts\/1292\/revisions"}],"predecessor-version":[{"id":1293,"href":"https:\/\/incp.org.co\/agendatributariaincp\/wp-json\/wp\/v2\/posts\/1292\/revisions\/1293"}],"wp:featuredmedia":[{"embeddable":true,"href":"https:\/\/incp.org.co\/agendatributariaincp\/wp-json\/wp\/v2\/media\/1274"}],"wp:attachment":[{"href":"https:\/\/incp.org.co\/agendatributariaincp\/wp-json\/wp\/v2\/media?parent=1292"}],"wp:term":[{"taxonomy":"category","embeddable":true,"href":"https:\/\/incp.org.co\/agendatributariaincp\/wp-json\/wp\/v2\/categories?post=1292"},{"taxonomy":"post_tag","embeddable":true,"href":"https:\/\/incp.org.co\/agendatributariaincp\/wp-json\/wp\/v2\/tags?post=1292"}],"curies":[{"name":"wp","href":"https:\/\/api.w.org\/{rel}","templated":true}]}}