{"id":1294,"date":"2023-09-07T16:46:28","date_gmt":"2023-09-07T21:46:28","guid":{"rendered":"https:\/\/incp.org.co\/agendatributariaincp\/?p=1294"},"modified":"2023-09-07T16:46:29","modified_gmt":"2023-09-07T21:46:29","slug":"proyecto-de-ley-aumentaria-la-edad-de-dependientes-por-educacion-hasta-los-25-anos","status":"publish","type":"post","link":"https:\/\/incp.org.co\/agendatributariaincp\/noticias\/2023\/09\/proyecto-de-ley-aumentaria-la-edad-de-dependientes-por-educacion-hasta-los-25-anos\/","title":{"rendered":"Proyecto de ley aumentar\u00eda la edad de dependientes por educaci\u00f3n hasta los 25 a\u00f1os"},"content":{"rendered":"\n<p>El pasado 30 de agosto se public\u00f3 la ponencia positiva para el primer debate del proyecto de ley 313 del Senado y 018 de la C\u00e1mara de Representantes de Colombia, por medio del cual se pretende armonizar la normatividad vigente en materia tributaria respecto a las familias con hijos dependientes o con discapacidad. En concreto, se modificar\u00edan los numerales 2 y 3 del par\u00e1grafo 2 del art\u00edculo 387 del Estatuto Tributario (E.T.), el cual dispone actualmente que, por concepto de los siguientes dependientes, los trabajadores podr\u00e1n deducir mensualmente de la base de retenci\u00f3n hasta el 10 % del total de los ingresos brutos provenientes de la relaci\u00f3n laboral o legal, hasta un m\u00e1ximo de treinta y dos (32) UVT mensuales:<\/p>\n\n\n\n<ul class=\"wp-block-list\">\n<li>Por los hijos con edad entre 18 y 23 a\u00f1os, para la financiaci\u00f3n de su educaci\u00f3n superior formal y educaci\u00f3n t\u00e9cnica no formal<\/li>\n\n\n\n<li>Hijos mayores de 18 a\u00f1os que se encuentren en situaci\u00f3n de dependencia originada por factores f\u00edsicos o psicol\u00f3gicos, los cuales deber\u00e1n contar con un certificado m\u00e9dico &#8211; legal.<\/li>\n<\/ul>\n\n\n\n<p>El proyecto en menci\u00f3n modificar\u00eda hasta los 25 a\u00f1os la edad de dependencia para la financiaci\u00f3n de educaci\u00f3n y cambiar\u00eda la entidad certificadora (medicina legal por el Ministerio de Salud y Protecci\u00f3n Social), dado que en las funciones de la medicina legal no se encuentra la de certificar situaci\u00f3n y\/o condici\u00f3n de discapacidad de acuerdo con la Ley 938 de 2004.<\/p>\n\n\n\n<p>Asimismo, delegar\u00eda a la Direcci\u00f3n de Impuestos y Aduanas Nacionales (DIAN) la obligaci\u00f3n de reglamentar el medio por el cual el contribuyente certificar\u00e1 la custodia del dependiente y el cumplimiento de las obligaciones alimentarias para acceder a las deducciones mencionadas.<\/p>\n\n\n\n<p>Para m\u00e1s detalles, consulte el proyecto a continuaci\u00f3n.<\/p>\n\n\n\n<p>Ver: <a href=\"https:\/\/incp.org.co\/agendatributariaincp\/wp-content\/uploads\/2023\/09\/Proyecto-deducciones.pdf\" data-type=\"URL\" data-id=\"https:\/\/incp.org.co\/agendatributariaincp\/wp-content\/uploads\/2023\/09\/Proyecto-deducciones.pdf\">Proyecto &#8211; deducciones<\/a><\/p>\n\n\n\n<p><strong>Redacci\u00f3n INCP<\/strong><\/p>\n","protected":false},"excerpt":{"rendered":"<p>El pasado 30 de agosto se public\u00f3 la ponencia positiva para el primer debate del proyecto de ley 313 del Senado y 018 de la C\u00e1mara de Representantes de Colombia, por medio del cual se pretende armonizar la normatividad vigente en materia tributaria respecto a las familias con hijos dependientes o con discapacidad. En concreto,&hellip; <br \/> <a class=\"read-more\" href=\"https:\/\/incp.org.co\/agendatributariaincp\/noticias\/2023\/09\/proyecto-de-ley-aumentaria-la-edad-de-dependientes-por-educacion-hasta-los-25-anos\/\">Read more<\/a><\/p>\n","protected":false},"author":20622,"featured_media":1272,"comment_status":"open","ping_status":"open","sticky":false,"template":"","format":"standard","meta":{"footnotes":""},"categories":[13],"tags":[],"class_list":["post-1294","post","type-post","status-publish","format-standard","has-post-thumbnail","hentry","category-noticias"],"_links":{"self":[{"href":"https:\/\/incp.org.co\/agendatributariaincp\/wp-json\/wp\/v2\/posts\/1294","targetHints":{"allow":["GET"]}}],"collection":[{"href":"https:\/\/incp.org.co\/agendatributariaincp\/wp-json\/wp\/v2\/posts"}],"about":[{"href":"https:\/\/incp.org.co\/agendatributariaincp\/wp-json\/wp\/v2\/types\/post"}],"author":[{"embeddable":true,"href":"https:\/\/incp.org.co\/agendatributariaincp\/wp-json\/wp\/v2\/users\/20622"}],"replies":[{"embeddable":true,"href":"https:\/\/incp.org.co\/agendatributariaincp\/wp-json\/wp\/v2\/comments?post=1294"}],"version-history":[{"count":1,"href":"https:\/\/incp.org.co\/agendatributariaincp\/wp-json\/wp\/v2\/posts\/1294\/revisions"}],"predecessor-version":[{"id":1295,"href":"https:\/\/incp.org.co\/agendatributariaincp\/wp-json\/wp\/v2\/posts\/1294\/revisions\/1295"}],"wp:featuredmedia":[{"embeddable":true,"href":"https:\/\/incp.org.co\/agendatributariaincp\/wp-json\/wp\/v2\/media\/1272"}],"wp:attachment":[{"href":"https:\/\/incp.org.co\/agendatributariaincp\/wp-json\/wp\/v2\/media?parent=1294"}],"wp:term":[{"taxonomy":"category","embeddable":true,"href":"https:\/\/incp.org.co\/agendatributariaincp\/wp-json\/wp\/v2\/categories?post=1294"},{"taxonomy":"post_tag","embeddable":true,"href":"https:\/\/incp.org.co\/agendatributariaincp\/wp-json\/wp\/v2\/tags?post=1294"}],"curies":[{"name":"wp","href":"https:\/\/api.w.org\/{rel}","templated":true}]}}