{"id":1318,"date":"2023-09-15T15:20:01","date_gmt":"2023-09-15T20:20:01","guid":{"rendered":"https:\/\/incp.org.co\/agendatributariaincp\/?p=1318"},"modified":"2023-09-15T15:20:02","modified_gmt":"2023-09-15T20:20:02","slug":"rentas-exentas-sobre-las-indemnizaciones-por-despido-injustificado","status":"publish","type":"post","link":"https:\/\/incp.org.co\/agendatributariaincp\/noticias\/2023\/09\/rentas-exentas-sobre-las-indemnizaciones-por-despido-injustificado\/","title":{"rendered":"Rentas exentas sobre las indemnizaciones por despido injustificado"},"content":{"rendered":"\n<p>La Direcci\u00f3n de Impuestos y Aduanas Nacionales (DIAN), mediante el concepto 847 de 2023, resolvi\u00f3 la siguiente inquietud relacionada con las rentas exentas sobre las indemnizaciones por despido injustificado o bonificaci\u00f3n por retiro definitivo:<\/p>\n\n\n\n<p><strong>\u00bfEst\u00e1 sometida a la limitaci\u00f3n de que trata el numeral 3 del art\u00edculo 336 del Estatuto Tributario (E.T.) la renta exenta prevista en el numeral 10 del art\u00edculo 206 ibidem sobre las indemnizaciones por despido injustificado o bonificaci\u00f3n por retiro definitivo?<\/strong><\/p>\n\n\n\n<p>La DIAN indic\u00f3 que la renta exenta prevista en el numeral 10 del art\u00edculo 206 sobre las indemnizaciones por despido injustificado o bonificaci\u00f3n por retiro definitivo s\u00ed est\u00e1 sometida a la limitaci\u00f3n de que trata el numeral 3 del art\u00edculo 336 del E.T., pues:<\/p>\n\n\n\n<ul class=\"wp-block-list\">\n<li>Se trata de pagos laborales provenientes de una relaci\u00f3n laboral, legal o reglamentaria.<\/li>\n\n\n\n<li>Al tenor del numeral 3 del art\u00edculo 336 del E.T., se podr\u00e1n restar a la suma de los ingresos obtenidos por todo concepto, excepto los correspondientes a dividendos y ganancias ocasionales, los ingresos no constitutivos de renta imputables a cada ingreso y al valor restante de esta operaci\u00f3n, podr\u00e1n restarse todas las rentas exentas y las deducciones especiales imputables a la c\u00e9dula general, siempre que estas no excedan el 40 % de los ingresos no constitutivos arriba mencionados los cuales en todo caso no pueden exceder las 1.340 UVT anuales.<\/li>\n<\/ul>\n\n\n\n<p>Para m\u00e1s detalles, consulte el concepto a continuaci\u00f3n.<\/p>\n\n\n\n<p>Ver: <a href=\"https:\/\/incp.org.co\/agendatributariaincp\/wp-content\/uploads\/2023\/09\/Concepto-847-de-2023.pdf\" data-type=\"URL\" data-id=\"https:\/\/incp.org.co\/agendatributariaincp\/wp-content\/uploads\/2023\/09\/Concepto-847-de-2023.pdf\">Concepto 847 de 2023<\/a><\/p>\n\n\n\n<p><strong>Redacci\u00f3n INCP<\/strong><\/p>\n","protected":false},"excerpt":{"rendered":"<p>La Direcci\u00f3n de Impuestos y Aduanas Nacionales (DIAN), mediante el concepto 847 de 2023, resolvi\u00f3 la siguiente inquietud relacionada con las rentas exentas sobre las indemnizaciones por despido injustificado o bonificaci\u00f3n por retiro definitivo: \u00bfEst\u00e1 sometida a la limitaci\u00f3n de que trata el numeral 3 del art\u00edculo 336 del Estatuto Tributario (E.T.) la renta exenta&hellip; <br \/> <a class=\"read-more\" href=\"https:\/\/incp.org.co\/agendatributariaincp\/noticias\/2023\/09\/rentas-exentas-sobre-las-indemnizaciones-por-despido-injustificado\/\">Read more<\/a><\/p>\n","protected":false},"author":20622,"featured_media":1306,"comment_status":"open","ping_status":"open","sticky":false,"template":"","format":"standard","meta":{"footnotes":""},"categories":[13],"tags":[],"class_list":["post-1318","post","type-post","status-publish","format-standard","has-post-thumbnail","hentry","category-noticias"],"_links":{"self":[{"href":"https:\/\/incp.org.co\/agendatributariaincp\/wp-json\/wp\/v2\/posts\/1318","targetHints":{"allow":["GET"]}}],"collection":[{"href":"https:\/\/incp.org.co\/agendatributariaincp\/wp-json\/wp\/v2\/posts"}],"about":[{"href":"https:\/\/incp.org.co\/agendatributariaincp\/wp-json\/wp\/v2\/types\/post"}],"author":[{"embeddable":true,"href":"https:\/\/incp.org.co\/agendatributariaincp\/wp-json\/wp\/v2\/users\/20622"}],"replies":[{"embeddable":true,"href":"https:\/\/incp.org.co\/agendatributariaincp\/wp-json\/wp\/v2\/comments?post=1318"}],"version-history":[{"count":1,"href":"https:\/\/incp.org.co\/agendatributariaincp\/wp-json\/wp\/v2\/posts\/1318\/revisions"}],"predecessor-version":[{"id":1319,"href":"https:\/\/incp.org.co\/agendatributariaincp\/wp-json\/wp\/v2\/posts\/1318\/revisions\/1319"}],"wp:featuredmedia":[{"embeddable":true,"href":"https:\/\/incp.org.co\/agendatributariaincp\/wp-json\/wp\/v2\/media\/1306"}],"wp:attachment":[{"href":"https:\/\/incp.org.co\/agendatributariaincp\/wp-json\/wp\/v2\/media?parent=1318"}],"wp:term":[{"taxonomy":"category","embeddable":true,"href":"https:\/\/incp.org.co\/agendatributariaincp\/wp-json\/wp\/v2\/categories?post=1318"},{"taxonomy":"post_tag","embeddable":true,"href":"https:\/\/incp.org.co\/agendatributariaincp\/wp-json\/wp\/v2\/tags?post=1318"}],"curies":[{"name":"wp","href":"https:\/\/api.w.org\/{rel}","templated":true}]}}