{"id":1322,"date":"2023-09-15T15:22:49","date_gmt":"2023-09-15T20:22:49","guid":{"rendered":"https:\/\/incp.org.co\/agendatributariaincp\/?p=1322"},"modified":"2023-09-15T15:22:50","modified_gmt":"2023-09-15T20:22:50","slug":"exigir-la-factura-electronica-te-premia","status":"publish","type":"post","link":"https:\/\/incp.org.co\/agendatributariaincp\/noticias\/2023\/09\/exigir-la-factura-electronica-te-premia\/","title":{"rendered":"\u00bfExigir la factura electr\u00f3nica te premia?"},"content":{"rendered":"\n<p>La Direcci\u00f3n de Impuestos y Aduanas Nacionales (DIAN) public\u00f3 un proyecto de resoluci\u00f3n* por medio de la cual reglamentar\u00eda el procedimiento, los plazos, las condiciones y los requisitos para los sorteos del \u201cPremio fiscal vigencia 2023: la factura electr\u00f3nica me premia\u201d de que trata el art\u00edculo 618-1 del Estatuto Tributario (E.T.). Esta premiaci\u00f3n busca incentivar a la ciudadan\u00eda a exigir la expedici\u00f3n de la factura electr\u00f3nica de venta durante las operaciones de compra de bienes y\/o servicios que realicen.<\/p>\n\n\n\n<p>Entre otras cosas, el proyecto de norma propone lo siguiente:<\/p>\n\n\n\n<ul class=\"wp-block-list\">\n<li>Podr\u00e1n participar en el sorteo las personas naturales que durante el \u00faltimo trimestre de la vigencia 2023 soliciten en las compras de bienes y\/o servicios la expedici\u00f3n de las facturas electr\u00f3nicas de venta en el pa\u00eds, toda vez que estas cumplan con los requisitos se\u00f1alados en el art\u00edculo 617 del E.T., el art\u00edculo 1.6.1.4.7. del Decreto 1625 de 2016 y el art\u00edculo 11 de la Resoluci\u00f3n 00042 de 2020.<\/li>\n\n\n\n<li>No podr\u00e1n participar en el sorteo los funcionarios de la DIAN y quienes celebren contratos de prestaci\u00f3n de servicios con la misma, las personas que se encuentren vinculadas (contractual o laboralmente) con los contratistas que desarrollen actividades de log\u00edstica y auditor\u00eda para la realizaci\u00f3n de los sorteos, las personas naturales calificadas como grandes contribuyentes y el concursante que expida factura electr\u00f3nica de venta a su nombre.<\/li>\n\n\n\n<li>Se realizar\u00e1 un sorteo por cada bolsa de premios ($100.000, $1.000.000 y $10.000.000) para cada uno de los siguientes tres grupos de departamentos territoriales:<ul><li><strong>1\u00b0 grupo<\/strong>. Atl\u00e1ntico, Bol\u00edvar, Cesar, C\u00f3rdoba, La Guajira, Magdalena, Sucre, San Andr\u00e9s y Providencia, Boyac\u00e1, Caldas, Huila y Norte de Santander.<\/li><\/ul><ul><li><strong>2\u00b0 grupo. <\/strong>Quind\u00edo, Risaralda, Santander, Tolima, Amazonas, Caquet\u00e1, Guain\u00eda, Guaviare, Meta, Putumayo, Vaup\u00e9s, Vichada, Arauca, Casanare, Cauca, Nari\u00f1o, Choc\u00f3 y Valle del Cauca.<\/li><\/ul>\n<ul class=\"wp-block-list\">\n<li><strong>3\u00b0 grupo<\/strong> Antioquia, Cundinamarca y el Distrito Capital de Bogot\u00e1.<\/li>\n<\/ul>\n<\/li>\n<\/ul>\n\n\n\n<p>Usted podr\u00e1 enviar sus comentarios sobre el proyecto de resoluci\u00f3n al correo <a href=\"mailto:piloto_sistema_facturacion@dian.gov.co\">piloto_sistema_facturacion@dian.gov.co<\/a> hasta el 21 de septiembre de 2023.<\/p>\n\n\n\n<p>Para m\u00e1s detalles, consulte el documento a continuaci\u00f3n.<\/p>\n\n\n\n<p>Ver: <a href=\"https:\/\/incp.org.co\/agendatributariaincp\/wp-content\/uploads\/2023\/09\/Proyecto-de-resolucion-\u2013-Premio-Fiscal-DIAN.pdf\" data-type=\"URL\" data-id=\"https:\/\/incp.org.co\/agendatributariaincp\/wp-content\/uploads\/2023\/09\/Proyecto-de-resolucion-\u2013-Premio-Fiscal-DIAN.pdf\">Proyecto de resoluci\u00f3n \u2013 Premio Fiscal &#8211; DIAN<\/a><\/p>\n\n\n\n<p>*\u201d<em>Por la cual se reglamenta el procedimiento, plazos, condiciones y requisitos para los sorteos del Premio Fiscal vigencia 2023: \u201cLa factura electr\u00f3nica me premia\u201d.<\/em><\/p>\n\n\n\n<p><strong>Redacci\u00f3n INCP<\/strong><\/p>\n","protected":false},"excerpt":{"rendered":"<p>La Direcci\u00f3n de Impuestos y Aduanas Nacionales (DIAN) public\u00f3 un proyecto de resoluci\u00f3n* por medio de la cual reglamentar\u00eda el procedimiento, los plazos, las condiciones y los requisitos para los sorteos del \u201cPremio fiscal vigencia 2023: la factura electr\u00f3nica me premia\u201d de que trata el art\u00edculo 618-1 del Estatuto Tributario (E.T.). Esta premiaci\u00f3n busca incentivar&hellip; <br \/> <a class=\"read-more\" href=\"https:\/\/incp.org.co\/agendatributariaincp\/noticias\/2023\/09\/exigir-la-factura-electronica-te-premia\/\">Read more<\/a><\/p>\n","protected":false},"author":20622,"featured_media":1309,"comment_status":"open","ping_status":"open","sticky":false,"template":"","format":"standard","meta":{"footnotes":""},"categories":[13],"tags":[],"class_list":["post-1322","post","type-post","status-publish","format-standard","has-post-thumbnail","hentry","category-noticias"],"_links":{"self":[{"href":"https:\/\/incp.org.co\/agendatributariaincp\/wp-json\/wp\/v2\/posts\/1322","targetHints":{"allow":["GET"]}}],"collection":[{"href":"https:\/\/incp.org.co\/agendatributariaincp\/wp-json\/wp\/v2\/posts"}],"about":[{"href":"https:\/\/incp.org.co\/agendatributariaincp\/wp-json\/wp\/v2\/types\/post"}],"author":[{"embeddable":true,"href":"https:\/\/incp.org.co\/agendatributariaincp\/wp-json\/wp\/v2\/users\/20622"}],"replies":[{"embeddable":true,"href":"https:\/\/incp.org.co\/agendatributariaincp\/wp-json\/wp\/v2\/comments?post=1322"}],"version-history":[{"count":1,"href":"https:\/\/incp.org.co\/agendatributariaincp\/wp-json\/wp\/v2\/posts\/1322\/revisions"}],"predecessor-version":[{"id":1323,"href":"https:\/\/incp.org.co\/agendatributariaincp\/wp-json\/wp\/v2\/posts\/1322\/revisions\/1323"}],"wp:featuredmedia":[{"embeddable":true,"href":"https:\/\/incp.org.co\/agendatributariaincp\/wp-json\/wp\/v2\/media\/1309"}],"wp:attachment":[{"href":"https:\/\/incp.org.co\/agendatributariaincp\/wp-json\/wp\/v2\/media?parent=1322"}],"wp:term":[{"taxonomy":"category","embeddable":true,"href":"https:\/\/incp.org.co\/agendatributariaincp\/wp-json\/wp\/v2\/categories?post=1322"},{"taxonomy":"post_tag","embeddable":true,"href":"https:\/\/incp.org.co\/agendatributariaincp\/wp-json\/wp\/v2\/tags?post=1322"}],"curies":[{"name":"wp","href":"https:\/\/api.w.org\/{rel}","templated":true}]}}