{"id":1328,"date":"2023-09-15T15:25:24","date_gmt":"2023-09-15T20:25:24","guid":{"rendered":"https:\/\/incp.org.co\/agendatributariaincp\/?p=1328"},"modified":"2023-09-15T15:25:25","modified_gmt":"2023-09-15T20:25:25","slug":"los-proveedores-tecnologicos-no-pueden-registrar-facturas-en-el-radian-sin-autorizacion-del-emisor","status":"publish","type":"post","link":"https:\/\/incp.org.co\/agendatributariaincp\/noticias\/2023\/09\/los-proveedores-tecnologicos-no-pueden-registrar-facturas-en-el-radian-sin-autorizacion-del-emisor\/","title":{"rendered":"Los proveedores tecnol\u00f3gicos no pueden registrar facturas en el RADIAN sin autorizaci\u00f3n del emisor"},"content":{"rendered":"\n<p>Por medio del Concepto 926 del 28 de agosto de 2023, la Direcci\u00f3n de Impuestos y Aduanas Nacionales (DIAN) resolvi\u00f3 la siguiente inquietud en torno al registro de facturas en RADIAN:<\/p>\n\n\n\n<p><strong>\u00bfPuede un proveedor tecnol\u00f3gico registrar en el sistema RADIAN facturas electr\u00f3nicas de venta sin contar con la autorizaci\u00f3n del emisor\/facturador electr\u00f3nico para su circulaci\u00f3n?<\/strong><\/p>\n\n\n\n<p>Al respecto, la DIAN se\u00f1al\u00f3 que cuando un usuario registra eventos descritos en el numeral 9 de la <a href=\"https:\/\/normograma.dian.gov.co\/dian\/compilacion\/docs\/resolucion_dian_0085_2022.htm\">Resoluci\u00f3n No. 85 de 2022<\/a> en el sistema RADIAN por medio de un proveedor tecnol\u00f3gico, debe existir un contrato de mandato que regule tal situaci\u00f3n. Dicho contrato debe ser entregado previamente a la DIAN para su validaci\u00f3n y, posteriormente, se deber\u00e1 registrar la aceptaci\u00f3n del mandato por parte de la entidad. As\u00ed las cosas, un proveedor tecnol\u00f3gico no puede registrar en el RADIAN facturas electr\u00f3nicas de venta sin contar con la autorizaci\u00f3n del facturador electr\u00f3nico para su circulaci\u00f3n.<\/p>\n\n\n\n<p>Por \u00faltimo, la DIAN aclara que no es de su competencia la resoluci\u00f3n de desacuerdos entre las partes del mencionado contrato de mandado ni la determinaci\u00f3n de si un proveedor tecnol\u00f3gico obra -o no- en los t\u00e9rminos del contrato.<\/p>\n\n\n\n<p>Para m\u00e1s informaci\u00f3n, consulte el documento a continuaci\u00f3n.<\/p>\n\n\n\n<p>Ver: <a href=\"https:\/\/incp.org.co\/agendatributariaincp\/wp-content\/uploads\/2023\/09\/Concepto-unificado-926-de-2023-DIAN.pdf\" data-type=\"URL\" data-id=\"https:\/\/incp.org.co\/agendatributariaincp\/wp-content\/uploads\/2023\/09\/Concepto-unificado-926-de-2023-DIAN.pdf\">Concepto unificado 926 de 2023 -DIAN<\/a><\/p>\n\n\n\n<p><strong>Redacci\u00f3n INCP<\/strong><\/p>\n","protected":false},"excerpt":{"rendered":"<p>Por medio del Concepto 926 del 28 de agosto de 2023, la Direcci\u00f3n de Impuestos y Aduanas Nacionales (DIAN) resolvi\u00f3 la siguiente inquietud en torno al registro de facturas en RADIAN: \u00bfPuede un proveedor tecnol\u00f3gico registrar en el sistema RADIAN facturas electr\u00f3nicas de venta sin contar con la autorizaci\u00f3n del emisor\/facturador electr\u00f3nico para su circulaci\u00f3n?&hellip; <br \/> <a class=\"read-more\" href=\"https:\/\/incp.org.co\/agendatributariaincp\/noticias\/2023\/09\/los-proveedores-tecnologicos-no-pueden-registrar-facturas-en-el-radian-sin-autorizacion-del-emisor\/\">Read more<\/a><\/p>\n","protected":false},"author":20622,"featured_media":1314,"comment_status":"open","ping_status":"open","sticky":false,"template":"","format":"standard","meta":{"footnotes":""},"categories":[13],"tags":[],"class_list":["post-1328","post","type-post","status-publish","format-standard","has-post-thumbnail","hentry","category-noticias"],"_links":{"self":[{"href":"https:\/\/incp.org.co\/agendatributariaincp\/wp-json\/wp\/v2\/posts\/1328","targetHints":{"allow":["GET"]}}],"collection":[{"href":"https:\/\/incp.org.co\/agendatributariaincp\/wp-json\/wp\/v2\/posts"}],"about":[{"href":"https:\/\/incp.org.co\/agendatributariaincp\/wp-json\/wp\/v2\/types\/post"}],"author":[{"embeddable":true,"href":"https:\/\/incp.org.co\/agendatributariaincp\/wp-json\/wp\/v2\/users\/20622"}],"replies":[{"embeddable":true,"href":"https:\/\/incp.org.co\/agendatributariaincp\/wp-json\/wp\/v2\/comments?post=1328"}],"version-history":[{"count":1,"href":"https:\/\/incp.org.co\/agendatributariaincp\/wp-json\/wp\/v2\/posts\/1328\/revisions"}],"predecessor-version":[{"id":1329,"href":"https:\/\/incp.org.co\/agendatributariaincp\/wp-json\/wp\/v2\/posts\/1328\/revisions\/1329"}],"wp:featuredmedia":[{"embeddable":true,"href":"https:\/\/incp.org.co\/agendatributariaincp\/wp-json\/wp\/v2\/media\/1314"}],"wp:attachment":[{"href":"https:\/\/incp.org.co\/agendatributariaincp\/wp-json\/wp\/v2\/media?parent=1328"}],"wp:term":[{"taxonomy":"category","embeddable":true,"href":"https:\/\/incp.org.co\/agendatributariaincp\/wp-json\/wp\/v2\/categories?post=1328"},{"taxonomy":"post_tag","embeddable":true,"href":"https:\/\/incp.org.co\/agendatributariaincp\/wp-json\/wp\/v2\/tags?post=1328"}],"curies":[{"name":"wp","href":"https:\/\/api.w.org\/{rel}","templated":true}]}}