{"id":1330,"date":"2023-09-19T06:00:00","date_gmt":"2023-09-19T11:00:00","guid":{"rendered":"https:\/\/incp.org.co\/agendatributariaincp\/?p=1330"},"modified":"2023-09-15T15:27:14","modified_gmt":"2023-09-15T20:27:14","slug":"tiquetes-aereos-a-san-andres-y-providencia-estan-excluidos-del-iva","status":"publish","type":"post","link":"https:\/\/incp.org.co\/agendatributariaincp\/noticias\/2023\/09\/tiquetes-aereos-a-san-andres-y-providencia-estan-excluidos-del-iva\/","title":{"rendered":"Tiquetes a\u00e9reos a San Andr\u00e9s y Providencia est\u00e1n excluidos del IVA"},"content":{"rendered":"\n<p>Por medio del Concepto 4894 del 28 de agosto de 2023, la Direcci\u00f3n de Impuestos y Aduanas Nacionales (DIAN) reconsider\u00f3 el Concepto 4717 del 15 de agosto del mismo a\u00f1o, en el cual se\u00f1al\u00f3 que el servicio de transporte a\u00e9reo nacional de pasajeros se encuentra gravado a la tarifa general del impuesto sobre las ventas (IVA), incluidos los tiquetes a\u00e9reos que tengan como origen o destino el Departamento de San Andr\u00e9s y Providencia.<\/p>\n\n\n\n<p>La reconsideraci\u00f3n obedece al numeral 10 del art\u00edculo 476 del Estatuto Tributario (E.T.), el cual establece que est\u00e1 excluido del IVA el transporte a\u00e9reo nacional de pasajeros con destino o procedencia de rutas nacionales donde no exista transporte terrestre organizado, como es el caso del Departamento Archipi\u00e9lago de San Andr\u00e9s, Providencia y Santa Catalina, art\u00edculo 1.3.1.13.16. del Decreto 1625 de 2016:<\/p>\n\n\n\n<p style=\"margin-left:5%\">\u201c<em>Para efectos de lo dispuesto en el numeral 20 <\/em>(ahora numeral 10) <em>del art\u00edculo 476 del E.T., no causan el impuesto sobre las ventas los tiquetes de transporte a\u00e9reo nacional de personas con destino o procedencia de los siguientes territorios y sitios: Departamento Archipi\u00e9lago de San Andr\u00e9s, Providencia y Santa Catalina (&#8230;)<\/em>\u201d<\/p>\n\n\n\n<p>As\u00ed las cosas, la DIAN indic\u00f3 en su nuevo concepto que en lugar de lo precisado en el Concepto 4717 de 2023, se concluye que s\u00ed est\u00e1n excluidos del IVA los tiquetes de transporte a\u00e9reo nacional de personas con destino o procedencia del Departamento Archipi\u00e9lago de San Andr\u00e9s, Providencia y Santa Catalina.<\/p>\n\n\n\n<p>Para m\u00e1s informaci\u00f3n, consulte el documento a continuaci\u00f3n.<\/p>\n\n\n\n<p>Ver: <a href=\"https:\/\/incp.org.co\/agendatributariaincp\/wp-content\/uploads\/2023\/09\/Concepto-4894-de-2023-DIAN.pdf\" data-type=\"URL\" data-id=\"https:\/\/incp.org.co\/agendatributariaincp\/wp-content\/uploads\/2023\/09\/Concepto-4894-de-2023-DIAN.pdf\">Concepto 4894 de 2023 -DIAN<\/a><\/p>\n\n\n\n<p><strong>Redacci\u00f3n INCP<\/strong><\/p>\n","protected":false},"excerpt":{"rendered":"<p>Por medio del Concepto 4894 del 28 de agosto de 2023, la Direcci\u00f3n de Impuestos y Aduanas Nacionales (DIAN) reconsider\u00f3 el Concepto 4717 del 15 de agosto del mismo a\u00f1o, en el cual se\u00f1al\u00f3 que el servicio de transporte a\u00e9reo nacional de pasajeros se encuentra gravado a la tarifa general del impuesto sobre las ventas&hellip; <br \/> <a class=\"read-more\" href=\"https:\/\/incp.org.co\/agendatributariaincp\/noticias\/2023\/09\/tiquetes-aereos-a-san-andres-y-providencia-estan-excluidos-del-iva\/\">Read more<\/a><\/p>\n","protected":false},"author":20622,"featured_media":1317,"comment_status":"open","ping_status":"open","sticky":false,"template":"","format":"standard","meta":{"footnotes":""},"categories":[13],"tags":[],"class_list":["post-1330","post","type-post","status-publish","format-standard","has-post-thumbnail","hentry","category-noticias"],"_links":{"self":[{"href":"https:\/\/incp.org.co\/agendatributariaincp\/wp-json\/wp\/v2\/posts\/1330","targetHints":{"allow":["GET"]}}],"collection":[{"href":"https:\/\/incp.org.co\/agendatributariaincp\/wp-json\/wp\/v2\/posts"}],"about":[{"href":"https:\/\/incp.org.co\/agendatributariaincp\/wp-json\/wp\/v2\/types\/post"}],"author":[{"embeddable":true,"href":"https:\/\/incp.org.co\/agendatributariaincp\/wp-json\/wp\/v2\/users\/20622"}],"replies":[{"embeddable":true,"href":"https:\/\/incp.org.co\/agendatributariaincp\/wp-json\/wp\/v2\/comments?post=1330"}],"version-history":[{"count":1,"href":"https:\/\/incp.org.co\/agendatributariaincp\/wp-json\/wp\/v2\/posts\/1330\/revisions"}],"predecessor-version":[{"id":1331,"href":"https:\/\/incp.org.co\/agendatributariaincp\/wp-json\/wp\/v2\/posts\/1330\/revisions\/1331"}],"wp:featuredmedia":[{"embeddable":true,"href":"https:\/\/incp.org.co\/agendatributariaincp\/wp-json\/wp\/v2\/media\/1317"}],"wp:attachment":[{"href":"https:\/\/incp.org.co\/agendatributariaincp\/wp-json\/wp\/v2\/media?parent=1330"}],"wp:term":[{"taxonomy":"category","embeddable":true,"href":"https:\/\/incp.org.co\/agendatributariaincp\/wp-json\/wp\/v2\/categories?post=1330"},{"taxonomy":"post_tag","embeddable":true,"href":"https:\/\/incp.org.co\/agendatributariaincp\/wp-json\/wp\/v2\/tags?post=1330"}],"curies":[{"name":"wp","href":"https:\/\/api.w.org\/{rel}","templated":true}]}}