{"id":1344,"date":"2023-09-20T09:18:01","date_gmt":"2023-09-20T14:18:01","guid":{"rendered":"https:\/\/incp.org.co\/agendatributariaincp\/?p=1344"},"modified":"2023-09-20T09:18:02","modified_gmt":"2023-09-20T14:18:02","slug":"se-emitio-una-ley-para-gestionar-los-pasivos-ambientales-en-colombia","status":"publish","type":"post","link":"https:\/\/incp.org.co\/agendatributariaincp\/noticias\/2023\/09\/se-emitio-una-ley-para-gestionar-los-pasivos-ambientales-en-colombia\/","title":{"rendered":"<strong>Se emiti\u00f3 una ley para gestionar los pasivos ambientales en Colombia<\/strong>"},"content":{"rendered":"\n<p>El Congreso de la Rep\u00fablica de Colombia emiti\u00f3 la Ley 2327 del 13 de septiembre de 2023* por medio de la cual establece la definici\u00f3n de pasivo ambiental y fija los lineamientos para su gesti\u00f3n participativa, adecuada y oportuna. Entre las principales disposiciones de la norma se encuentran las siguientes:<\/p>\n\n\n\n<ul class=\"wp-block-list\">\n<li>Definir un pasivo ambiental como \u201c<em>afectaciones ambientales originadas por actividades antr\u00f3picas directa o indirectamente por la mano del hombre, autorizadas o no, acumulativas o no, susceptibles de ser medibles, ubicables y delimitables geogr\u00e1ficamente, que generan un nivel de riesgo no aceptable a la vida, la salud humana o el ambiente (\u2026)<\/em>\u201d<\/li>\n\n\n\n<li>Crear el \u2018Comit\u00e9 nacional para la gesti\u00f3n de pasivos ambientales\u2019, el cual ser\u00e1 responsable de la puesta en marcha y seguimiento de la pol\u00edtica p\u00fablica que ordena esta norma, as\u00ed como de asegurar la coordinaci\u00f3n interinstitucional necesaria en esta materia.<\/li>\n\n\n\n<li>Crear el \u2018Sistema de informaci\u00f3n de pasivos ambientales\u2019, el cual contar\u00e1 con el Registro de pasivos ambientales (REPA) que contendr\u00e1 informaci\u00f3n clara, completa, p\u00fablica y oportuna sobre la ubicaci\u00f3n de los pasivos ambientales declarados en el territorio nacional y la informaci\u00f3n sobre los responsables en su intervenci\u00f3n.<\/li>\n\n\n\n<li>Establecer que adem\u00e1s del objeto de los convenios de que trata el segundo inciso del art\u00edculo 800-1 del Estatuto Tributario, los convenios celebrados en el marco del mecanismo de obras por impuestos podr\u00e1n tener como objeto la financiaci\u00f3n de pasivos ambientales por parte de terceros interesados no responsables.<\/li>\n<\/ul>\n\n\n\n<p>Para m\u00e1s informaci\u00f3n sobre la norma, le invitamos a consultar el documento adjunto.<\/p>\n\n\n\n<p>Ver: <a href=\"https:\/\/incp.org.co\/agendatributariaincp\/wp-content\/uploads\/2023\/09\/Ley-2327-de-2023.pdf\" data-type=\"URL\" data-id=\"https:\/\/incp.org.co\/agendatributariaincp\/wp-content\/uploads\/2023\/09\/Ley-2327-de-2023.pdf\">Ley 2327 de 2023<\/a><\/p>\n\n\n\n<p>*\u201d<em>Por medio de la cual se establece la definici\u00f3n de pasivo ambiental, se fijan <\/em><em>lineamientos para su gesti\u00f3n y se dictan otras disposiciones<\/em>\u201d.<\/p>\n\n\n\n<p><strong>Redacci\u00f3n INCP<\/strong><\/p>\n","protected":false},"excerpt":{"rendered":"<p>El Congreso de la Rep\u00fablica de Colombia emiti\u00f3 la Ley 2327 del 13 de septiembre de 2023* por medio de la cual establece la definici\u00f3n de pasivo ambiental y fija los lineamientos para su gesti\u00f3n participativa, adecuada y oportuna. Entre las principales disposiciones de la norma se encuentran las siguientes: Para m\u00e1s informaci\u00f3n sobre la&hellip; <br \/> <a class=\"read-more\" href=\"https:\/\/incp.org.co\/agendatributariaincp\/noticias\/2023\/09\/se-emitio-una-ley-para-gestionar-los-pasivos-ambientales-en-colombia\/\">Read more<\/a><\/p>\n","protected":false},"author":20622,"featured_media":1339,"comment_status":"open","ping_status":"open","sticky":false,"template":"","format":"standard","meta":{"footnotes":""},"categories":[13],"tags":[],"class_list":["post-1344","post","type-post","status-publish","format-standard","has-post-thumbnail","hentry","category-noticias"],"_links":{"self":[{"href":"https:\/\/incp.org.co\/agendatributariaincp\/wp-json\/wp\/v2\/posts\/1344","targetHints":{"allow":["GET"]}}],"collection":[{"href":"https:\/\/incp.org.co\/agendatributariaincp\/wp-json\/wp\/v2\/posts"}],"about":[{"href":"https:\/\/incp.org.co\/agendatributariaincp\/wp-json\/wp\/v2\/types\/post"}],"author":[{"embeddable":true,"href":"https:\/\/incp.org.co\/agendatributariaincp\/wp-json\/wp\/v2\/users\/20622"}],"replies":[{"embeddable":true,"href":"https:\/\/incp.org.co\/agendatributariaincp\/wp-json\/wp\/v2\/comments?post=1344"}],"version-history":[{"count":1,"href":"https:\/\/incp.org.co\/agendatributariaincp\/wp-json\/wp\/v2\/posts\/1344\/revisions"}],"predecessor-version":[{"id":1345,"href":"https:\/\/incp.org.co\/agendatributariaincp\/wp-json\/wp\/v2\/posts\/1344\/revisions\/1345"}],"wp:featuredmedia":[{"embeddable":true,"href":"https:\/\/incp.org.co\/agendatributariaincp\/wp-json\/wp\/v2\/media\/1339"}],"wp:attachment":[{"href":"https:\/\/incp.org.co\/agendatributariaincp\/wp-json\/wp\/v2\/media?parent=1344"}],"wp:term":[{"taxonomy":"category","embeddable":true,"href":"https:\/\/incp.org.co\/agendatributariaincp\/wp-json\/wp\/v2\/categories?post=1344"},{"taxonomy":"post_tag","embeddable":true,"href":"https:\/\/incp.org.co\/agendatributariaincp\/wp-json\/wp\/v2\/tags?post=1344"}],"curies":[{"name":"wp","href":"https:\/\/api.w.org\/{rel}","templated":true}]}}