{"id":1354,"date":"2023-09-21T14:00:08","date_gmt":"2023-09-21T19:00:08","guid":{"rendered":"https:\/\/incp.org.co\/agendatributariaincp\/?p=1354"},"modified":"2023-09-21T14:00:09","modified_gmt":"2023-09-21T19:00:09","slug":"dian-resuelve-inquietudes-sobre-rentas-exentas-y-deducciones-de-las-personas-naturales","status":"publish","type":"post","link":"https:\/\/incp.org.co\/agendatributariaincp\/noticias\/2023\/09\/dian-resuelve-inquietudes-sobre-rentas-exentas-y-deducciones-de-las-personas-naturales\/","title":{"rendered":"DIAN resuelve inquietudes sobre rentas exentas y deducciones de las personas naturales"},"content":{"rendered":"\n<p>La Direcci\u00f3n de Impuestos y Aduanas Nacionales (DIAN) emiti\u00f3 el Concepto 100208192-973 de 2023 como adici\u00f3n al Concepto General acerca del impuesto sobre la renta a cargo de las personas naturales con motivo de la Ley 2277 de 2022. Esta adici\u00f3n resuelve las siguientes inquietudes en torno a las rentas exentas en los ingresos laborales y los ingresos de la c\u00e9dula general:<\/p>\n\n\n\n<p><strong>\u00bfLa deducci\u00f3n establecida en el numeral 5 del art\u00edculo 336 del Estatuto Tributario (E.T.) puede ser de cualquier \u00edndole? \u00bfEs posible tomarla junto con la renta exenta del 25 % de que trata el numeral 10 del art\u00edculo 206?<\/strong><\/p>\n\n\n\n<p>Recordemos que el numeral 5 del art\u00edculo 336 del E.T. se\u00f1ala que las personas naturales que declaren ingresos de la c\u00e9dula general podr\u00e1n solicitar como deducci\u00f3n en el impuesto sobre la renta, independientemente que tenga o no relaci\u00f3n de causalidad con la actividad productora de renta del contribuyente, el 1 % del valor de las adquisiciones sin que exceda 240 UVT en el respectivo a\u00f1o gravable. Por su parte, el numeral 10 del art\u00edculo 206 del E.T. establece que el 25 % del total de los pagos laborales, limitada anualmente a 790 UVT, es una renta exenta.<\/p>\n\n\n\n<p>Al respecto, la DIAN clarific\u00f3 que, de conformidad con el numeral 3 del art\u00edculo 336 del E.T., al resultado de restarle los ingresos no constitutivos de renta a los ingresos obtenidos por todo concepto de la c\u00e9dula general, se le podr\u00e1n deducir todas las rentas exentas y las deducciones especiales imputables. En ese sentido, la renta exenta del numeral 10 del art\u00edculo 206 del E.T. es posible tomarla junto con lo dispuesto en el numeral 5 del art\u00edculo 336 del E.T. No obstante, es necesario precisar que la aplicaci\u00f3n de esta renta exenta excluye la posibilidad de tomar de manera simult\u00e1nea costos y gastos para los contribuyentes que perciban rentas de trabajo que no provengan de una relaci\u00f3n laboral o legal y reglamentaria.<\/p>\n\n\n\n<p>La DIAN tambi\u00e9n precis\u00f3 que, para este caso, la UVT que se debe tomar para el c\u00e1lculo de las rentas exentas debe ser la correspondiente al a\u00f1o 2023, es decir, $42.412.<\/p>\n\n\n\n<p>Para obtener m\u00e1s informaci\u00f3n, consulte el concepto en menci\u00f3n a continuaci\u00f3n:<\/p>\n\n\n\n<p>Ver: <a href=\"https:\/\/incp.org.co\/agendatributariaincp\/wp-content\/uploads\/2023\/09\/Concepto-100208192-973-de-2023-DIAN.pdf\">Concepto 100208192-973 de 2023 \u2013 DIAN<\/a><\/p>\n\n\n\n<p><strong>Redacci\u00f3n INCP<\/strong><\/p>\n","protected":false},"excerpt":{"rendered":"<p>La Direcci\u00f3n de Impuestos y Aduanas Nacionales (DIAN) emiti\u00f3 el Concepto 100208192-973 de 2023 como adici\u00f3n al Concepto General acerca del impuesto sobre la renta a cargo de las personas naturales con motivo de la Ley 2277 de 2022. Esta adici\u00f3n resuelve las siguientes inquietudes en torno a las rentas exentas en los ingresos laborales&hellip; <br \/> <a class=\"read-more\" href=\"https:\/\/incp.org.co\/agendatributariaincp\/noticias\/2023\/09\/dian-resuelve-inquietudes-sobre-rentas-exentas-y-deducciones-de-las-personas-naturales\/\">Read more<\/a><\/p>\n","protected":false},"author":20622,"featured_media":1350,"comment_status":"open","ping_status":"open","sticky":false,"template":"","format":"standard","meta":{"footnotes":""},"categories":[13],"tags":[],"class_list":["post-1354","post","type-post","status-publish","format-standard","has-post-thumbnail","hentry","category-noticias"],"_links":{"self":[{"href":"https:\/\/incp.org.co\/agendatributariaincp\/wp-json\/wp\/v2\/posts\/1354","targetHints":{"allow":["GET"]}}],"collection":[{"href":"https:\/\/incp.org.co\/agendatributariaincp\/wp-json\/wp\/v2\/posts"}],"about":[{"href":"https:\/\/incp.org.co\/agendatributariaincp\/wp-json\/wp\/v2\/types\/post"}],"author":[{"embeddable":true,"href":"https:\/\/incp.org.co\/agendatributariaincp\/wp-json\/wp\/v2\/users\/20622"}],"replies":[{"embeddable":true,"href":"https:\/\/incp.org.co\/agendatributariaincp\/wp-json\/wp\/v2\/comments?post=1354"}],"version-history":[{"count":1,"href":"https:\/\/incp.org.co\/agendatributariaincp\/wp-json\/wp\/v2\/posts\/1354\/revisions"}],"predecessor-version":[{"id":1355,"href":"https:\/\/incp.org.co\/agendatributariaincp\/wp-json\/wp\/v2\/posts\/1354\/revisions\/1355"}],"wp:featuredmedia":[{"embeddable":true,"href":"https:\/\/incp.org.co\/agendatributariaincp\/wp-json\/wp\/v2\/media\/1350"}],"wp:attachment":[{"href":"https:\/\/incp.org.co\/agendatributariaincp\/wp-json\/wp\/v2\/media?parent=1354"}],"wp:term":[{"taxonomy":"category","embeddable":true,"href":"https:\/\/incp.org.co\/agendatributariaincp\/wp-json\/wp\/v2\/categories?post=1354"},{"taxonomy":"post_tag","embeddable":true,"href":"https:\/\/incp.org.co\/agendatributariaincp\/wp-json\/wp\/v2\/tags?post=1354"}],"curies":[{"name":"wp","href":"https:\/\/api.w.org\/{rel}","templated":true}]}}