{"id":1363,"date":"2023-09-29T12:02:18","date_gmt":"2023-09-29T17:02:18","guid":{"rendered":"https:\/\/incp.org.co\/agendatributariaincp\/?p=1363"},"modified":"2023-10-31T10:00:38","modified_gmt":"2023-10-31T15:00:38","slug":"se-ajustaran-los-rangos-del-avaluo-catastral-para-el-impuesto-predial-2024","status":"publish","type":"post","link":"https:\/\/incp.org.co\/agendatributariaincp\/noticias\/2023\/09\/se-ajustaran-los-rangos-del-avaluo-catastral-para-el-impuesto-predial-2024\/","title":{"rendered":"Se ajustar\u00e1n los rangos del aval\u00fao catastral para el impuesto predial 2024"},"content":{"rendered":"\n<p>La Secretar\u00eda de Hacienda Distrital de Bogot\u00e1 (SDH) emiti\u00f3 un proyecto de resoluci\u00f3n*, con el cual pretende ajustar los rangos del aval\u00fao catastral para la determinaci\u00f3n del impuesto predial unificado del a\u00f1o gravable 2024 en la ciudad de Bogot\u00e1. Estos ajustes se dan en el marco de la actualizaci\u00f3n anual de dichos rangos, teniendo en cuenta la variaci\u00f3n con corte a junio de 2023 del \u00cdndice de Precio de Vivienda Nueva (IPVN) publicado por el Departamento Administrativo Nacional de Estad\u00edstica (DANE).<\/p>\n\n\n\n<p>Usted podr\u00e1 enviar sus comentarios al proyecto hasta el 3 de octubre de 2023 ingresando <a href=\"https:\/\/legalbog.secretariajuridica.gov.co\/regimen-legal-publico#\/acto-admin-publico\/884\">aqu\u00ed<\/a>.<\/p>\n\n\n\n<p>Para conocer las nuevas tarifas, consulte el documento a continuaci\u00f3n.<\/p>\n\n\n\n<p>Ver: <a href=\"https:\/\/incp.org.co\/agendatributariaincp\/wp-content\/uploads\/2023\/09\/Proyecto-de-Acto-Administrativo-SDH.pdf\" data-type=\"URL\" data-id=\"https:\/\/incp.org.co\/agendatributariaincp\/wp-content\/uploads\/2023\/09\/Proyecto-de-Acto-Administrativo-SDH.pdf\">Proyecto de Acto Administrativo &#8211; SDH<\/a><\/p>\n\n\n\n<p><sub>*\u201d<em>Por la cual se ajustan para el a\u00f1o gravable 2024 los rangos del aval\u00fao catastral determinantes de la tarifa del impuesto predial unificado\u201d.<\/em><\/sub><\/p>\n\n\n\n<p><strong>Redacci\u00f3n INCP<\/strong><\/p>\n","protected":false},"excerpt":{"rendered":"<p>La Secretar\u00eda de Hacienda Distrital de Bogot\u00e1 (SDH) emiti\u00f3 un proyecto de resoluci\u00f3n*, con el cual pretende ajustar los rangos del aval\u00fao catastral para la determinaci\u00f3n del impuesto predial unificado del a\u00f1o gravable 2024 en la ciudad de Bogot\u00e1. Estos ajustes se dan en el marco de la actualizaci\u00f3n anual de dichos rangos, teniendo en&hellip; <br \/> <a class=\"read-more\" href=\"https:\/\/incp.org.co\/agendatributariaincp\/noticias\/2023\/09\/se-ajustaran-los-rangos-del-avaluo-catastral-para-el-impuesto-predial-2024\/\">Read more<\/a><\/p>\n","protected":false},"author":20622,"featured_media":1359,"comment_status":"open","ping_status":"open","sticky":false,"template":"","format":"standard","meta":{"footnotes":""},"categories":[13],"tags":[],"class_list":["post-1363","post","type-post","status-publish","format-standard","has-post-thumbnail","hentry","category-noticias"],"_links":{"self":[{"href":"https:\/\/incp.org.co\/agendatributariaincp\/wp-json\/wp\/v2\/posts\/1363","targetHints":{"allow":["GET"]}}],"collection":[{"href":"https:\/\/incp.org.co\/agendatributariaincp\/wp-json\/wp\/v2\/posts"}],"about":[{"href":"https:\/\/incp.org.co\/agendatributariaincp\/wp-json\/wp\/v2\/types\/post"}],"author":[{"embeddable":true,"href":"https:\/\/incp.org.co\/agendatributariaincp\/wp-json\/wp\/v2\/users\/20622"}],"replies":[{"embeddable":true,"href":"https:\/\/incp.org.co\/agendatributariaincp\/wp-json\/wp\/v2\/comments?post=1363"}],"version-history":[{"count":2,"href":"https:\/\/incp.org.co\/agendatributariaincp\/wp-json\/wp\/v2\/posts\/1363\/revisions"}],"predecessor-version":[{"id":1424,"href":"https:\/\/incp.org.co\/agendatributariaincp\/wp-json\/wp\/v2\/posts\/1363\/revisions\/1424"}],"wp:featuredmedia":[{"embeddable":true,"href":"https:\/\/incp.org.co\/agendatributariaincp\/wp-json\/wp\/v2\/media\/1359"}],"wp:attachment":[{"href":"https:\/\/incp.org.co\/agendatributariaincp\/wp-json\/wp\/v2\/media?parent=1363"}],"wp:term":[{"taxonomy":"category","embeddable":true,"href":"https:\/\/incp.org.co\/agendatributariaincp\/wp-json\/wp\/v2\/categories?post=1363"},{"taxonomy":"post_tag","embeddable":true,"href":"https:\/\/incp.org.co\/agendatributariaincp\/wp-json\/wp\/v2\/tags?post=1363"}],"curies":[{"name":"wp","href":"https:\/\/api.w.org\/{rel}","templated":true}]}}