{"id":1381,"date":"2023-10-12T13:42:21","date_gmt":"2023-10-12T18:42:21","guid":{"rendered":"https:\/\/incp.org.co\/agendatributariaincp\/?p=1381"},"modified":"2023-10-12T13:42:22","modified_gmt":"2023-10-12T18:42:22","slug":"corte-constitucional-se-pronuncio-sobre-la-ley-2277-de-2022","status":"publish","type":"post","link":"https:\/\/incp.org.co\/agendatributariaincp\/noticias\/2023\/10\/corte-constitucional-se-pronuncio-sobre-la-ley-2277-de-2022\/","title":{"rendered":"Corte Constitucional se pronunci\u00f3 sobre la Ley 2277 de 2022"},"content":{"rendered":"\n<p>La Corte Constitucional de Colombia public\u00f3 en un comunicado del 4 y 5 de octubre de 2023 que ha emitido los siguientes pronunciamientos sobre la Ley 2277 de 2023 en respuesta a diversas demandas presentadas en contra dicha norma:<\/p>\n\n\n\n<ul class=\"wp-block-list\">\n<li><strong>Sentencia C-389 del 4 de octubre de 2023<\/strong>. La Corte declar\u00f3 exequible el par\u00e1grafo 4 del art\u00edculo 240 del Estatuto Tributario (E.T.) -modificado por la Ley 2277 de 2023-, el cual establece que los contribuyentes cuya actividad econ\u00f3mica principal sea la generaci\u00f3n de energ\u00eda el\u00e9ctrica a trav\u00e9s de recursos h\u00eddricos deber\u00e1n liquidar 3 puntos adicionales al impuesto sobre la renta y complementarios durante los per\u00edodos gravables 2023, 2024, 2025 y 2026. El demandante alegaba que la redacci\u00f3n de dicho par\u00e1grafo no cumpl\u00eda con los principios constitucionales de certeza y legalidad y vulneraba, adem\u00e1s, los principios de igualdad y equidad tributaria, por considerar que la disposici\u00f3n acusada dispensaba un tratamiento diferenciado a empresas con id\u00e9ntica capacidad contributiva, pero que desarrollaban actividades distintas a la generaci\u00f3n hidroel\u00e9ctrica.<\/li>\n\n\n\n<li><strong>Sentencia C-391 del 4 de octubre de 2023<\/strong>. La Corte declar\u00f3 inexequible el art\u00edculo 95 de la Ley 2277 de 2022, el cual crea una contribuci\u00f3n para los estudiantes que financian sus estudios de educaci\u00f3n superior con el Instituto Colombiano de Cr\u00e9dito Educativo y Estudios T\u00e9cnicos en el Exterior &#8220;Mariano Ospina P\u00e9rez&#8221; (ICETEX) a trav\u00e9s de la modalidad de cr\u00e9ditos reembolsables. La Corte precisa que en la creaci\u00f3n de esta contribuci\u00f3n se desconocieron los principios de consecutividad e identidad flexible, los cuales garantizan la deliberaci\u00f3n y debate de la totalidad de los temas propuestos en el tr\u00e1mite de un acto legislativo.<\/li>\n\n\n\n<li><strong>Sentencia C-380 del 5 de octubre de 2023<\/strong>. La Corte declar\u00f3 inexequible del inciso 2 del art\u00edculo 96 de la Ley 2277 de 2022, el cual prorroga las medidas no tributarias de los Decretos 560 y 772 de 2020 expedidos con ocasi\u00f3n de las emergencias econ\u00f3micas, sociales y ecol\u00f3gicas que el Gobierno Nacional declar\u00f3 durante la pandemia del COVID-19 y que prev\u00e9n normas dirigidas a proteger la preservaci\u00f3n de las empresas a trav\u00e9s de su reorganizaci\u00f3n, o a facilitar su liquidaci\u00f3n cuando su recuperaci\u00f3n no era posible.<\/li>\n<\/ul>\n\n\n\n<p>Para m\u00e1s detalles, consulte el documento completo a continuaci\u00f3n.<\/p>\n\n\n\n<p>Ver: Comunicado de la Corte Constitucional &#8211; Sentencias relacionadas con la Ley 2277 de 2022<\/p>\n\n\n\n<p><strong>Redacci\u00f3n INCP<\/strong><\/p>\n","protected":false},"excerpt":{"rendered":"<p>La Corte Constitucional de Colombia public\u00f3 en un comunicado del 4 y 5 de octubre de 2023 que ha emitido los siguientes pronunciamientos sobre la Ley 2277 de 2023 en respuesta a diversas demandas presentadas en contra dicha norma: Para m\u00e1s detalles, consulte el documento completo a continuaci\u00f3n. Ver: Comunicado de la Corte Constitucional &#8211;&hellip; <br \/> <a class=\"read-more\" href=\"https:\/\/incp.org.co\/agendatributariaincp\/noticias\/2023\/10\/corte-constitucional-se-pronuncio-sobre-la-ley-2277-de-2022\/\">Read more<\/a><\/p>\n","protected":false},"author":20622,"featured_media":1386,"comment_status":"open","ping_status":"open","sticky":false,"template":"","format":"standard","meta":{"footnotes":""},"categories":[13],"tags":[],"class_list":["post-1381","post","type-post","status-publish","format-standard","has-post-thumbnail","hentry","category-noticias"],"_links":{"self":[{"href":"https:\/\/incp.org.co\/agendatributariaincp\/wp-json\/wp\/v2\/posts\/1381","targetHints":{"allow":["GET"]}}],"collection":[{"href":"https:\/\/incp.org.co\/agendatributariaincp\/wp-json\/wp\/v2\/posts"}],"about":[{"href":"https:\/\/incp.org.co\/agendatributariaincp\/wp-json\/wp\/v2\/types\/post"}],"author":[{"embeddable":true,"href":"https:\/\/incp.org.co\/agendatributariaincp\/wp-json\/wp\/v2\/users\/20622"}],"replies":[{"embeddable":true,"href":"https:\/\/incp.org.co\/agendatributariaincp\/wp-json\/wp\/v2\/comments?post=1381"}],"version-history":[{"count":1,"href":"https:\/\/incp.org.co\/agendatributariaincp\/wp-json\/wp\/v2\/posts\/1381\/revisions"}],"predecessor-version":[{"id":1387,"href":"https:\/\/incp.org.co\/agendatributariaincp\/wp-json\/wp\/v2\/posts\/1381\/revisions\/1387"}],"wp:featuredmedia":[{"embeddable":true,"href":"https:\/\/incp.org.co\/agendatributariaincp\/wp-json\/wp\/v2\/media\/1386"}],"wp:attachment":[{"href":"https:\/\/incp.org.co\/agendatributariaincp\/wp-json\/wp\/v2\/media?parent=1381"}],"wp:term":[{"taxonomy":"category","embeddable":true,"href":"https:\/\/incp.org.co\/agendatributariaincp\/wp-json\/wp\/v2\/categories?post=1381"},{"taxonomy":"post_tag","embeddable":true,"href":"https:\/\/incp.org.co\/agendatributariaincp\/wp-json\/wp\/v2\/tags?post=1381"}],"curies":[{"name":"wp","href":"https:\/\/api.w.org\/{rel}","templated":true}]}}