{"id":1411,"date":"2023-10-31T09:57:26","date_gmt":"2023-10-31T14:57:26","guid":{"rendered":"https:\/\/incp.org.co\/agendatributariaincp\/?p=1411"},"modified":"2023-10-31T10:00:07","modified_gmt":"2023-10-31T15:00:07","slug":"reconsideracion-del-concepto-general-sobre-liquidaciones-provisionales","status":"publish","type":"post","link":"https:\/\/incp.org.co\/agendatributariaincp\/noticias\/2023\/10\/reconsideracion-del-concepto-general-sobre-liquidaciones-provisionales\/","title":{"rendered":"Reconsideraci\u00f3n del concepto general sobre liquidaciones provisionales"},"content":{"rendered":"\n<p>La Direcci\u00f3n de Impuestos y Aduanas Nacionales (DIAN) emiti\u00f3 el Oficio 100202208-1437 del 20 de septiembre de 2023, por medio del cual reconsider\u00f3 el Concepto 9461 del 17 de julio de 2023 que trata sobre la liquidaci\u00f3n provisional de los tributos y sanciones.<\/p>\n\n\n\n<p>La liquidaci\u00f3n provisional es un proceso mediante el cual la DIAN tiene la facultad de determinar las obligaciones fiscales de los contribuyentes de manera provisional, esto significa que el contribuyente sujeto a dicha liquidaci\u00f3n puede rechazarla o aceptarla. En el Concepto 9461, la DIAN explic\u00f3 que en el caso de la liquidaci\u00f3n provisional relacionada con la imposici\u00f3n de sanciones por el incumplimiento de obligaciones distintas a la omisi\u00f3n de presentar la declaraci\u00f3n tributaria, se considera rechazada si el contribuyente no la acepta expresamente sin que haya lugar a una aceptaci\u00f3n t\u00e1cita por parte de este en caso de silencio.<\/p>\n\n\n\n<p>Respecto a lo anterior, la DIAN recibi\u00f3 una solicitud de reconsideraci\u00f3n de la afirmaci\u00f3n del Concepto 9461 mencionada anteriormente, con el argumento de que aceptar el silencio del contribuyente como un rechazo de la liquidaci\u00f3n provisional relacionada con el incumplimiento de obligaciones diferentes a la declaraci\u00f3n tributaria o de cualquier otro tipo de liquidaci\u00f3n provisional, implica establecer una etapa del procedimiento que no est\u00e1 prevista en la normativa. En respuesta a esta solicitud, la entidad reafirm\u00f3 el argumento presentado en el concepto frente a que cuando el contribuyente no se pronuncie al respecto de la liquidaci\u00f3n provisional dentro de los plazos previstos, esta se considerar\u00e1 aceptada. Sin embargo, dicha aceptaci\u00f3n no ser\u00e1 aplicable para las liquidaciones provisionales relacionadas con la imposici\u00f3n de sanciones por el incumplimiento de obligaciones diferentes a la omisi\u00f3n de la presentaci\u00f3n de la declaraci\u00f3n tributaria, ya que estas se consideran en un p\u00e1rrafo aparte dentro del par\u00e1grafo 2 del art\u00edculo 764-1 del Estatuto Tributario (E.T.).<\/p>\n\n\n\n<p>Para m\u00e1s informaci\u00f3n, consulte el documento adjunto.<\/p>\n\n\n\n<p>Ver: <a href=\"https:\/\/incp.org.co\/agendatributariaincp\/wp-content\/uploads\/2023\/10\/Oficio-100202208-1437-\u2013-DIAN.pdf\" data-type=\"URL\" data-id=\"https:\/\/incp.org.co\/agendatributariaincp\/wp-content\/uploads\/2023\/10\/Oficio-100202208-1437-\u2013-DIAN.pdf\">Oficio 100202208-1437 \u2013 DIAN<\/a><\/p>\n\n\n\n<p><strong>Redacci\u00f3n INCP<\/strong><\/p>\n","protected":false},"excerpt":{"rendered":"<p>La Direcci\u00f3n de Impuestos y Aduanas Nacionales (DIAN) emiti\u00f3 el Oficio 100202208-1437 del 20 de septiembre de 2023, por medio del cual reconsider\u00f3 el Concepto 9461 del 17 de julio de 2023 que trata sobre la liquidaci\u00f3n provisional de los tributos y sanciones. La liquidaci\u00f3n provisional es un proceso mediante el cual la DIAN tiene&hellip; <br \/> <a class=\"read-more\" href=\"https:\/\/incp.org.co\/agendatributariaincp\/noticias\/2023\/10\/reconsideracion-del-concepto-general-sobre-liquidaciones-provisionales\/\">Read more<\/a><\/p>\n","protected":false},"author":20622,"featured_media":1407,"comment_status":"open","ping_status":"open","sticky":false,"template":"","format":"standard","meta":{"footnotes":""},"categories":[13],"tags":[],"class_list":["post-1411","post","type-post","status-publish","format-standard","has-post-thumbnail","hentry","category-noticias"],"_links":{"self":[{"href":"https:\/\/incp.org.co\/agendatributariaincp\/wp-json\/wp\/v2\/posts\/1411","targetHints":{"allow":["GET"]}}],"collection":[{"href":"https:\/\/incp.org.co\/agendatributariaincp\/wp-json\/wp\/v2\/posts"}],"about":[{"href":"https:\/\/incp.org.co\/agendatributariaincp\/wp-json\/wp\/v2\/types\/post"}],"author":[{"embeddable":true,"href":"https:\/\/incp.org.co\/agendatributariaincp\/wp-json\/wp\/v2\/users\/20622"}],"replies":[{"embeddable":true,"href":"https:\/\/incp.org.co\/agendatributariaincp\/wp-json\/wp\/v2\/comments?post=1411"}],"version-history":[{"count":2,"href":"https:\/\/incp.org.co\/agendatributariaincp\/wp-json\/wp\/v2\/posts\/1411\/revisions"}],"predecessor-version":[{"id":1421,"href":"https:\/\/incp.org.co\/agendatributariaincp\/wp-json\/wp\/v2\/posts\/1411\/revisions\/1421"}],"wp:featuredmedia":[{"embeddable":true,"href":"https:\/\/incp.org.co\/agendatributariaincp\/wp-json\/wp\/v2\/media\/1407"}],"wp:attachment":[{"href":"https:\/\/incp.org.co\/agendatributariaincp\/wp-json\/wp\/v2\/media?parent=1411"}],"wp:term":[{"taxonomy":"category","embeddable":true,"href":"https:\/\/incp.org.co\/agendatributariaincp\/wp-json\/wp\/v2\/categories?post=1411"},{"taxonomy":"post_tag","embeddable":true,"href":"https:\/\/incp.org.co\/agendatributariaincp\/wp-json\/wp\/v2\/tags?post=1411"}],"curies":[{"name":"wp","href":"https:\/\/api.w.org\/{rel}","templated":true}]}}