{"id":1452,"date":"2023-11-16T11:02:26","date_gmt":"2023-11-16T16:02:26","guid":{"rendered":"https:\/\/incp.org.co\/agendatributariaincp\/?p=1452"},"modified":"2023-11-16T11:02:27","modified_gmt":"2023-11-16T16:02:27","slug":"cual-deberia-ser-el-tope-del-aumento-en-el-impuesto-predial","status":"publish","type":"post","link":"https:\/\/incp.org.co\/agendatributariaincp\/noticias\/2023\/11\/cual-deberia-ser-el-tope-del-aumento-en-el-impuesto-predial\/","title":{"rendered":"\u00bfCu\u00e1l deber\u00eda ser el tope del aumento en el impuesto predial?"},"content":{"rendered":"\n<p>El Ministerio de Hacienda y Cr\u00e9dito P\u00fablico (MinHacienda) radic\u00f3 ante la C\u00e1mara de Representantes un proyecto de ley* que pretende establecer el esquema de topes m\u00e1ximos a los incrementos del impuesto predial de acuerdo con el valor del avalu\u00f3 catastral del predio.<\/p>\n\n\n\n<p>Si bien el Gobierno Nacional no puede establecer la forma como se determina el impuesto predial, ya que este es de car\u00e1cter municipal; con este proyecto de ley se instaurar\u00edan unos topes a los incrementos del impuesto predial con relaci\u00f3n a la liquidaci\u00f3n del a\u00f1o inmediatamente anterior, de la siguiente manera:<\/p>\n\n\n\n<ul class=\"wp-block-list\">\n<li>De hasta 50\u00a0% del valor liquidado el a\u00f1o inmediatamente anterior, para:\n<ul class=\"wp-block-list\">\n<li>Predios urbanos con destino comercial o habitacional y predios rurales con un aval\u00fao catastral menor o igual a 135 salarios m\u00ednimos mensuales legales vigentes (SMMLV)<\/li>\n<\/ul>\n<\/li>\n\n\n\n<li>De hasta 100\u00a0% del valor liquidado el a\u00f1o inmediatamente anterior, para:\n<ul class=\"wp-block-list\">\n<li>Predios urbanos con destino comercial o habitacional y predios rurales con un aval\u00fao catastral superior a 135 SMMLV y menor o igual a 250 SMMLV<\/li>\n<\/ul>\n<\/li>\n\n\n\n<li>De hasta 150\u00a0% del valor liquidado el a\u00f1o inmediatamente anterior, para:\n<ul class=\"wp-block-list\">\n<li>Predios urbanos con destino comercial o habitacional y predios rurales con un aval\u00fao catastral superior a 250 SMMLV y menor o igual a 350 SMMLV<\/li>\n<\/ul>\n<\/li>\n<\/ul>\n\n\n\n<p>Este proyecto surtir\u00e1 su proceso legislativo en la C\u00e1mara de Representantes y en los pr\u00f3ximos d\u00edas ser\u00e1 asignado a la comisi\u00f3n correspondiente para posteriormente empezar el debate para aprobaci\u00f3n.<\/p>\n\n\n\n<p>Para m\u00e1s informaci\u00f3n, consulte el documento adjunto.<\/p>\n\n\n\n<p>Ver: <a href=\"https:\/\/incp.org.co\/agendatributariaincp\/wp-content\/uploads\/2023\/11\/Proyecto-de-ley-Impuesto-predial-MinHacienda.pdf\" data-type=\"URL\" data-id=\"https:\/\/incp.org.co\/agendatributariaincp\/wp-content\/uploads\/2023\/11\/Proyecto-de-ley-Impuesto-predial-MinHacienda.pdf\">Proyecto de ley impuesto predial &#8211; MinHacienda<\/a><\/p>\n\n\n\n<p><strong>Redacci\u00f3n INCP<\/strong><\/p>\n","protected":false},"excerpt":{"rendered":"<p>El Ministerio de Hacienda y Cr\u00e9dito P\u00fablico (MinHacienda) radic\u00f3 ante la C\u00e1mara de Representantes un proyecto de ley* que pretende establecer el esquema de topes m\u00e1ximos a los incrementos del impuesto predial de acuerdo con el valor del avalu\u00f3 catastral del predio. Si bien el Gobierno Nacional no puede establecer la forma como se determina&hellip; <br \/> <a class=\"read-more\" href=\"https:\/\/incp.org.co\/agendatributariaincp\/noticias\/2023\/11\/cual-deberia-ser-el-tope-del-aumento-en-el-impuesto-predial\/\">Read more<\/a><\/p>\n","protected":false},"author":20622,"featured_media":1449,"comment_status":"open","ping_status":"open","sticky":false,"template":"","format":"standard","meta":{"footnotes":""},"categories":[13],"tags":[],"class_list":["post-1452","post","type-post","status-publish","format-standard","has-post-thumbnail","hentry","category-noticias"],"_links":{"self":[{"href":"https:\/\/incp.org.co\/agendatributariaincp\/wp-json\/wp\/v2\/posts\/1452","targetHints":{"allow":["GET"]}}],"collection":[{"href":"https:\/\/incp.org.co\/agendatributariaincp\/wp-json\/wp\/v2\/posts"}],"about":[{"href":"https:\/\/incp.org.co\/agendatributariaincp\/wp-json\/wp\/v2\/types\/post"}],"author":[{"embeddable":true,"href":"https:\/\/incp.org.co\/agendatributariaincp\/wp-json\/wp\/v2\/users\/20622"}],"replies":[{"embeddable":true,"href":"https:\/\/incp.org.co\/agendatributariaincp\/wp-json\/wp\/v2\/comments?post=1452"}],"version-history":[{"count":1,"href":"https:\/\/incp.org.co\/agendatributariaincp\/wp-json\/wp\/v2\/posts\/1452\/revisions"}],"predecessor-version":[{"id":1455,"href":"https:\/\/incp.org.co\/agendatributariaincp\/wp-json\/wp\/v2\/posts\/1452\/revisions\/1455"}],"wp:featuredmedia":[{"embeddable":true,"href":"https:\/\/incp.org.co\/agendatributariaincp\/wp-json\/wp\/v2\/media\/1449"}],"wp:attachment":[{"href":"https:\/\/incp.org.co\/agendatributariaincp\/wp-json\/wp\/v2\/media?parent=1452"}],"wp:term":[{"taxonomy":"category","embeddable":true,"href":"https:\/\/incp.org.co\/agendatributariaincp\/wp-json\/wp\/v2\/categories?post=1452"},{"taxonomy":"post_tag","embeddable":true,"href":"https:\/\/incp.org.co\/agendatributariaincp\/wp-json\/wp\/v2\/tags?post=1452"}],"curies":[{"name":"wp","href":"https:\/\/api.w.org\/{rel}","templated":true}]}}