{"id":1456,"date":"2023-11-16T11:03:47","date_gmt":"2023-11-16T16:03:47","guid":{"rendered":"https:\/\/incp.org.co\/agendatributariaincp\/?p=1456"},"modified":"2023-11-16T11:03:48","modified_gmt":"2023-11-16T16:03:48","slug":"todas-las-personas-naturales-a-presentar-su-declaracion-de-renta-en-agosto-de-2024","status":"publish","type":"post","link":"https:\/\/incp.org.co\/agendatributariaincp\/noticias\/2023\/11\/todas-las-personas-naturales-a-presentar-su-declaracion-de-renta-en-agosto-de-2024\/","title":{"rendered":"\u00bfTodas las personas naturales a presentar su declaraci\u00f3n de renta en agosto de 2024?"},"content":{"rendered":"\n<p>El Ministerio de Hacienda y Cr\u00e9dito P\u00fablico emiti\u00f3 para comentarios el proyecto de decreto* que establece las fechas para el cumplimiento de las obligaciones tributarias formales y sustanciales administradas por la Direcci\u00f3n de Impuestos y Aduanas Nacionales (DIAN) a partir del a\u00f1o 2024 y subsiguientes.<\/p>\n\n\n\n<p>Entre otras cosas, se propone que la presentaci\u00f3n y pago de las declaraciones de renta de todas las personas naturales se realice \u00fanicamente durante agosto. Recordemos que tradicionalmente este vencimiento se distribu\u00eda (dependiendo de los dos \u00faltimos d\u00edgitos del NIT de los contribuyentes) entre los meses de agosto, septiembre y octubre. El <strong>INCP<\/strong> considera que esta disposici\u00f3n afectar\u00eda negativamente a los contribuyentes personas naturales porque la mayor\u00eda tendr\u00e1n que anticipar sus flujos de caja para cumplir con el pago de esta obligaci\u00f3n. Tambi\u00e9n afectar\u00eda a los contadores p\u00fablicos quienes tendr\u00e1n que prepararse para atender oportuna y eficientemente el volumen de trabajo que podr\u00eda generarse si se acorta el periodo de presentaci\u00f3n de las declaraciones.<\/p>\n\n\n\n<p>Otra de las novedades del mencionado proyecto es que propone fijar los plazos para el cumplimiento de las obligaciones tributarias a partir del calendario 2024 y dichos plazos se mantendr\u00edan invariables para los a\u00f1os siguientes, es decir, todos los a\u00f1os se tendr\u00edan las mismas fechas. Cabe destacar que en el caso de que la fecha de vencimiento coincida con un d\u00eda no h\u00e1bil (s\u00e1bado, domingo o d\u00eda feriado), los sujetos obligados deber\u00e1n cumplir con sus obligaciones el d\u00eda h\u00e1bil inmediatamente siguiente sin que ello afecte o modifique las dem\u00e1s fechas de vencimiento.<\/p>\n\n\n\n<p>Puntualmente, el proyecto de norma establecer\u00eda los plazos para declarar y pagar los siguientes tributos:<\/p>\n\n\n\n<ul class=\"wp-block-list\">\n<li>Impuesto sobre la renta y complementarios<\/li>\n\n\n\n<li>Impuesto al patrimonio<\/li>\n\n\n\n<li>Impuesto unificado bajo el r\u00e9gimen simple de tributaci\u00f3n<\/li>\n\n\n\n<li>Impuesto sobre las ventas (IVA)<\/li>\n\n\n\n<li>Impuesto nacional a la gasolina y ACPM<\/li>\n\n\n\n<li>Impuesto nacional al consumo<\/li>\n\n\n\n<li>Retenci\u00f3n en la fuente<\/li>\n\n\n\n<li>Gravamen a los movimientos financieros (GMF)<\/li>\n\n\n\n<li>Impuesto nacional al carbono<\/li>\n\n\n\n<li>Impuesto nacional sobre productos pl\u00e1sticos de un solo uso utilizados para envasar, embalar o empacar bienes<\/li>\n\n\n\n<li>Impuesto a las bebidas ultraprocesadas azucaradas<\/li>\n\n\n\n<li>Impuesto a los productos comestibles ultraprocesados industrialmente y\/o con alto contenido de az\u00facares a\u00f1adidos, sodio o grasas saturadas<\/li>\n\n\n\n<li>Impuesto sobre la renta y complementarios por presencia econ\u00f3mica significativa (PES) en Colombia<\/li>\n<\/ul>\n\n\n\n<p>Desde el INCP consideramos sumamente importante que los contribuyentes y las partes interesadas de la profesi\u00f3n contable nos pronunciemos sobre este proyecto de decreto, por ello, los invitamos a enviar sus comentarios hasta el 25 de noviembre de 2023 dando clic <a href=\"https:\/\/forms.office.com\/Pages\/ResponsePage.aspx?id=2GDqtEm-vECYxBjEO_1yHivi38WBCEdFkETiUcsqrzlUMzlSSU9GV1NVMUJITFA4NzhZM0pUQVNURSQlQCNjPTEu\">aqu\u00ed<\/a>.<\/p>\n\n\n\n<p>Para m\u00e1s informaci\u00f3n, consulte el documento a continuaci\u00f3n.<\/p>\n\n\n\n<p>Ver: <a href=\"https:\/\/incp.org.co\/agendatributariaincp\/wp-content\/uploads\/2023\/11\/Proyecto-de-decreto-Plazos-DIAN-MinHacienda.pdf\" data-type=\"URL\" data-id=\"https:\/\/incp.org.co\/agendatributariaincp\/wp-content\/uploads\/2023\/11\/Proyecto-de-decreto-Plazos-DIAN-MinHacienda.pdf\">Proyecto de decreto plazos DIAN \u2013 MinHacienda<\/a><\/p>\n\n\n\n<p><em><sub>*Por el cual se reglamentan los art\u00edculos 20-3, 260-5, 260-9, 298-8, 356-3, 364-5, 378, 381, 512-1, 512-6, 513-12, 513-13, 555-2, 579, 579-2, 580, 588, 591, 592, 595, 596, 599, 600, 602, 603, 605, 606, 607, 800, 803, 811, 876, 877, 910 y 915 del Estatuto Tributario, art\u00edculo 170 de la Ley 1607 de 2012, art\u00edculos 221 y 222 de la Ley 1819 de 2016 modificados por los art\u00edculos 47 y 48 de la Ley 2277 de 2022, respectivamente, el par\u00e1grafo 7 del art\u00edculo 238 de la Ley 1819 de 2016 y art\u00edculo 51 de la Ley 2277 de 2022, se modifica el ep\u00edgrafe y se sustituyen unos art\u00edculos de la Secci\u00f3n 2 del Cap\u00edtulo 13 del T\u00edtulo 1 de la Parte 6 del Libro 1 del Decreto 1625 de 2016, \u00danico Reglamentario en Materia Tributaria, para establecer los calendarios de plazos para el cumplimiento de las obligaciones tributarias administradas por la Unidad Administrativa Especial Direcci\u00f3n de Impuestos y Aduanas Nacionales -DIAN a partir del a\u00f1o 2024 y siguientes.<\/sub><\/em><\/p>\n\n\n\n<p><strong>Redacci\u00f3n INCP<\/strong><\/p>\n","protected":false},"excerpt":{"rendered":"<p>El Ministerio de Hacienda y Cr\u00e9dito P\u00fablico emiti\u00f3 para comentarios el proyecto de decreto* que establece las fechas para el cumplimiento de las obligaciones tributarias formales y sustanciales administradas por la Direcci\u00f3n de Impuestos y Aduanas Nacionales (DIAN) a partir del a\u00f1o 2024 y subsiguientes. Entre otras cosas, se propone que la presentaci\u00f3n y pago&hellip; <br \/> <a class=\"read-more\" href=\"https:\/\/incp.org.co\/agendatributariaincp\/noticias\/2023\/11\/todas-las-personas-naturales-a-presentar-su-declaracion-de-renta-en-agosto-de-2024\/\">Read more<\/a><\/p>\n","protected":false},"author":20622,"featured_media":1450,"comment_status":"open","ping_status":"open","sticky":false,"template":"","format":"standard","meta":{"footnotes":""},"categories":[13],"tags":[],"class_list":["post-1456","post","type-post","status-publish","format-standard","has-post-thumbnail","hentry","category-noticias"],"_links":{"self":[{"href":"https:\/\/incp.org.co\/agendatributariaincp\/wp-json\/wp\/v2\/posts\/1456","targetHints":{"allow":["GET"]}}],"collection":[{"href":"https:\/\/incp.org.co\/agendatributariaincp\/wp-json\/wp\/v2\/posts"}],"about":[{"href":"https:\/\/incp.org.co\/agendatributariaincp\/wp-json\/wp\/v2\/types\/post"}],"author":[{"embeddable":true,"href":"https:\/\/incp.org.co\/agendatributariaincp\/wp-json\/wp\/v2\/users\/20622"}],"replies":[{"embeddable":true,"href":"https:\/\/incp.org.co\/agendatributariaincp\/wp-json\/wp\/v2\/comments?post=1456"}],"version-history":[{"count":1,"href":"https:\/\/incp.org.co\/agendatributariaincp\/wp-json\/wp\/v2\/posts\/1456\/revisions"}],"predecessor-version":[{"id":1457,"href":"https:\/\/incp.org.co\/agendatributariaincp\/wp-json\/wp\/v2\/posts\/1456\/revisions\/1457"}],"wp:featuredmedia":[{"embeddable":true,"href":"https:\/\/incp.org.co\/agendatributariaincp\/wp-json\/wp\/v2\/media\/1450"}],"wp:attachment":[{"href":"https:\/\/incp.org.co\/agendatributariaincp\/wp-json\/wp\/v2\/media?parent=1456"}],"wp:term":[{"taxonomy":"category","embeddable":true,"href":"https:\/\/incp.org.co\/agendatributariaincp\/wp-json\/wp\/v2\/categories?post=1456"},{"taxonomy":"post_tag","embeddable":true,"href":"https:\/\/incp.org.co\/agendatributariaincp\/wp-json\/wp\/v2\/tags?post=1456"}],"curies":[{"name":"wp","href":"https:\/\/api.w.org\/{rel}","templated":true}]}}