{"id":1465,"date":"2023-11-21T10:28:21","date_gmt":"2023-11-21T15:28:21","guid":{"rendered":"https:\/\/incp.org.co\/agendatributariaincp\/?p=1465"},"modified":"2023-11-21T10:28:22","modified_gmt":"2023-11-21T15:28:22","slug":"corte-constitucional-declaro-inexequible-la-prohibicion-de-deducir-regalias-del-impuesto-de-renta-para-empresas-extractivas","status":"publish","type":"post","link":"https:\/\/incp.org.co\/agendatributariaincp\/noticias\/2023\/11\/corte-constitucional-declaro-inexequible-la-prohibicion-de-deducir-regalias-del-impuesto-de-renta-para-empresas-extractivas\/","title":{"rendered":"Corte Constitucional declar\u00f3 inexequible la prohibici\u00f3n de deducir regal\u00edas del impuesto de renta para empresas extractivas"},"content":{"rendered":"\n<p>Recordemos que el art\u00edculo 19 de la mencionada reforma tributaria introdujo modificaciones al art\u00edculo 115 del Estatuto Tributario (E.T.) respecto a las deducciones por concepto de regal\u00edas. El par\u00e1grafo en cuesti\u00f3n estableci\u00f3 que las contraprestaciones econ\u00f3micas por dicho concepto en el impuesto sobre la renta no podr\u00edan considerarse como costos o gastos para la respectiva empresa. En resumen, esta disposici\u00f3n prohib\u00eda la deducci\u00f3n de las regal\u00edas de la base gravable del impuesto de renta para empresas dedicadas a la exploraci\u00f3n y explotaci\u00f3n de recursos naturales no renovables.<\/p>\n\n\n\n<p>En virtud de esta situaci\u00f3n, la Corte Constitucional declar\u00f3 la inexequibilidad del par\u00e1grafo 1 del art\u00edculo 19 de la Ley 2277 de 2022, lo cual implica que para las declaraciones del impuesto sobre la renta y complementarios correspondientes al a\u00f1o gravable 2023, las empresas relacionadas podr\u00e1n deducir las regal\u00edas en dicha declaraci\u00f3n.<\/p>\n\n\n\n<p>Para m\u00e1s informaci\u00f3n, consulte el documento adjunto.<\/p>\n\n\n\n<p>Ver: Nota de prensa regal\u00edas &#8211; Corte Constitucional<\/p>\n\n\n\n<p>El pasado 16 de noviembre, la Corte Constitucional resolvi\u00f3 una demanda presentada en contra del par\u00e1grafo 1 del art\u00edculo 19 de la Ley 2277 de 2022 (reforma tributaria) respecto a la no deducibilidad de contraprestaciones econ\u00f3micas por concepto de regal\u00edas en el impuesto sobre la renta.<\/p>\n\n\n\n<p>Recordemos que el art\u00edculo 19 de la mencionada reforma tributaria introdujo modificaciones al art\u00edculo 115 del Estatuto Tributario (E.T.) respecto a las deducciones por concepto de regal\u00edas. El par\u00e1grafo en cuesti\u00f3n estableci\u00f3 que las contraprestaciones econ\u00f3micas por dicho concepto en el impuesto sobre la renta no podr\u00edan considerarse como costos o gastos para la respectiva empresa. En resumen, esta disposici\u00f3n prohib\u00eda la deducci\u00f3n de las regal\u00edas de la base gravable del impuesto de renta para empresas dedicadas a la exploraci\u00f3n y explotaci\u00f3n de recursos naturales no renovables.<\/p>\n\n\n\n<p>En virtud de esta situaci\u00f3n, la Corte Constitucional declar\u00f3 la inexequibilidad del par\u00e1grafo 1 del art\u00edculo 19 de la Ley 2277 de 2022, lo cual implica que para las declaraciones del impuesto sobre la renta y complementarios correspondientes al a\u00f1o gravable 2023, las empresas relacionadas podr\u00e1n deducir las regal\u00edas en dicha declaraci\u00f3n.<\/p>\n\n\n\n<p>Para m\u00e1s informaci\u00f3n, consulte el documento adjunto.<\/p>\n\n\n\n<p>Ver: <a href=\"https:\/\/incp.org.co\/agendatributariaincp\/wp-content\/uploads\/2023\/11\/Nota-de-prensa-Regalias-Corte-Constitucional.pdf\" data-type=\"URL\" data-id=\"https:\/\/incp.org.co\/agendatributariaincp\/wp-content\/uploads\/2023\/11\/Nota-de-prensa-Regalias-Corte-Constitucional.pdf\">Nota de prensa regal\u00edas &#8211; Corte Constitucional<\/a><\/p>\n\n\n\n<p><strong>Redacci\u00f3n INCP<\/strong><\/p>\n","protected":false},"excerpt":{"rendered":"<p>Recordemos que el art\u00edculo 19 de la mencionada reforma tributaria introdujo modificaciones al art\u00edculo 115 del Estatuto Tributario (E.T.) respecto a las deducciones por concepto de regal\u00edas. El par\u00e1grafo en cuesti\u00f3n estableci\u00f3 que las contraprestaciones econ\u00f3micas por dicho concepto en el impuesto sobre la renta no podr\u00edan considerarse como costos o gastos para la respectiva&hellip; <br \/> <a class=\"read-more\" href=\"https:\/\/incp.org.co\/agendatributariaincp\/noticias\/2023\/11\/corte-constitucional-declaro-inexequible-la-prohibicion-de-deducir-regalias-del-impuesto-de-renta-para-empresas-extractivas\/\">Read more<\/a><\/p>\n","protected":false},"author":20622,"featured_media":1462,"comment_status":"open","ping_status":"open","sticky":false,"template":"","format":"standard","meta":{"footnotes":""},"categories":[13],"tags":[],"class_list":["post-1465","post","type-post","status-publish","format-standard","has-post-thumbnail","hentry","category-noticias"],"_links":{"self":[{"href":"https:\/\/incp.org.co\/agendatributariaincp\/wp-json\/wp\/v2\/posts\/1465","targetHints":{"allow":["GET"]}}],"collection":[{"href":"https:\/\/incp.org.co\/agendatributariaincp\/wp-json\/wp\/v2\/posts"}],"about":[{"href":"https:\/\/incp.org.co\/agendatributariaincp\/wp-json\/wp\/v2\/types\/post"}],"author":[{"embeddable":true,"href":"https:\/\/incp.org.co\/agendatributariaincp\/wp-json\/wp\/v2\/users\/20622"}],"replies":[{"embeddable":true,"href":"https:\/\/incp.org.co\/agendatributariaincp\/wp-json\/wp\/v2\/comments?post=1465"}],"version-history":[{"count":1,"href":"https:\/\/incp.org.co\/agendatributariaincp\/wp-json\/wp\/v2\/posts\/1465\/revisions"}],"predecessor-version":[{"id":1466,"href":"https:\/\/incp.org.co\/agendatributariaincp\/wp-json\/wp\/v2\/posts\/1465\/revisions\/1466"}],"wp:featuredmedia":[{"embeddable":true,"href":"https:\/\/incp.org.co\/agendatributariaincp\/wp-json\/wp\/v2\/media\/1462"}],"wp:attachment":[{"href":"https:\/\/incp.org.co\/agendatributariaincp\/wp-json\/wp\/v2\/media?parent=1465"}],"wp:term":[{"taxonomy":"category","embeddable":true,"href":"https:\/\/incp.org.co\/agendatributariaincp\/wp-json\/wp\/v2\/categories?post=1465"},{"taxonomy":"post_tag","embeddable":true,"href":"https:\/\/incp.org.co\/agendatributariaincp\/wp-json\/wp\/v2\/tags?post=1465"}],"curies":[{"name":"wp","href":"https:\/\/api.w.org\/{rel}","templated":true}]}}