{"id":1475,"date":"2023-11-24T12:37:29","date_gmt":"2023-11-24T17:37:29","guid":{"rendered":"https:\/\/incp.org.co\/agendatributariaincp\/?p=1475"},"modified":"2023-11-24T12:37:30","modified_gmt":"2023-11-24T17:37:30","slug":"se-reglamentaria-la-determinacion-del-impuesto-de-renta-de-las-personas-naturales-y-la-retencion-en-la-fuente-por-rentas-de-trabajo","status":"publish","type":"post","link":"https:\/\/incp.org.co\/agendatributariaincp\/noticias\/2023\/11\/se-reglamentaria-la-determinacion-del-impuesto-de-renta-de-las-personas-naturales-y-la-retencion-en-la-fuente-por-rentas-de-trabajo\/","title":{"rendered":"Se reglamentar\u00eda la determinaci\u00f3n del impuesto de renta de las personas naturales y la retenci\u00f3n en la fuente por rentas de trabajo"},"content":{"rendered":"\n<p>El Ministerio de Hacienda y Cr\u00e9dito P\u00fablico (MinHacienda) emiti\u00f3 para comentarios un proyecto de decreto*, con el cual pretende reglamentar las nuevas disposiciones de la reforma tributaria &#8211; Ley 2277 de 2022 relacionadas con la determinaci\u00f3n del impuesto sobre la renta a cargo de personas naturales residentes y la retenci\u00f3n en la fuente por concepto de rentas de trabajo.<\/p>\n\n\n\n<p>As\u00ed las cosas, se armonizar\u00eda el Decreto 1625 de 2016, \u00danico Reglamentario en Materia Tributaria con las disposiciones de los art\u00edculos 2, 6, 7 y 8 de la Ley 2277 de 2022. En concreto:<\/p>\n\n\n\n<ul class=\"wp-block-list\">\n<li>Se modificar\u00eda el inciso 2 del numeral 2 del art\u00edculo 1.2.1.20.2 del Decreto 1625 de 2016 para incorporar en la c\u00e9dula de pensiones, como renta exenta, los ingresos derivados de pensiones, ahorro para la vejez en sistemas de renta vitalicia y asimiladas obtenidas en el exterior o en organismos multilaterales.<\/li>\n\n\n\n<li>Se modificar\u00eda el par\u00e1grafo del art\u00edculo 1.2.1.20.2 del Decreto 1625 de 2016 para establecer que la renta l\u00edquida de dividendos y participaciones se sumar\u00e1 junto con la de la c\u00e9dula general y de pensiones para conformar la renta l\u00edquida gravable a la que se le aplicar\u00e1 la tarifa del art\u00edculo 241 del Estatuto Tributario (E.T.).<\/li>\n\n\n\n<li>Se modificar\u00eda el inciso 4 del art\u00edculo 1.2.1.20.4 del Decreto 1625 de 2016 para precisar que a las rentas exentas del numeral 10 del art\u00edculo 206 del E.T. le son aplicables a las rentas de trabajo que no provengan de una relaci\u00f3n laboral o legal y reglamentaria, siempre y cuando no se haya optado por restar los costos y gastos procedentes en el desarrollo de dicha actividad.<\/li>\n\n\n\n<li>Se modificar\u00eda el numeral 6 del art\u00edculo 1.2.4.1.6 del Decreto 1625 de 2016 para precisar que la renta exenta tambi\u00e9n aplica para el caso de retenci\u00f3n en la fuente al momento de la depuraci\u00f3n de la base sometida a retenci\u00f3n y para la aplicaci\u00f3n de la tarifa de que trata el art\u00edculo 383 del E.T.<\/li>\n\n\n\n<li>Se actualizar\u00edan los nuevos l\u00edmites absolutos de las rentas exentas y deducciones que aplican en la c\u00e9dula general y la retenci\u00f3n en la fuente, los cuales pasaron de 5.040 unidades de valor tributario (UVT) a 1.340 UVT.<\/li>\n\n\n\n<li>Se modificar\u00edan los incisos 1 y 2 del numeral 1.1.2 del art\u00edculo 1.2.1.20.3 del Decreto 1625 de 2016 para establecer que la deducci\u00f3n por dependientes referida en el inciso 2 del numeral 3 del art\u00edculo 336 y la del art\u00edculo 387 del E.T. solo son aplicables a los ingresos provenientes de rentas de trabajo y un mismo dependiente solo dar\u00e1 lugar a una de estas dos deducciones.<\/li>\n\n\n\n<li>Se incorporar\u00eda en el numeral 1.1.2 del art\u00edculo 1.2.120.3 del Decreto 1625 de 2016 para precisar que, en materia de dependientes econ\u00f3micos, el contribuyente no puede tener concurrencia de beneficios fiscales.<\/li>\n\n\n\n<li>Se modificar\u00edan los incisos 2, 5 y 6 del art\u00edculo 1.2.1.20.5 del Decreto 1625 de 2016 para precisar el tratamiento opcional de costos o deducciones que pueden aplicar las personas naturales por concepto de rentas de trabajo que no provengan de una relaci\u00f3n laboral o legal y reglamentaria.<\/li>\n\n\n\n<li>Se modificar\u00eda el par\u00e1grafo 4 del art\u00edculo 1.2.4.1.17 del Decreto 1625 de 2016 para establecer que las personas naturales que perciban rentas de trabajo diferentes a las provenientes de una relaci\u00f3n laboral o legal y reglamentaria que no soliciten al agente retenedor la aplicaci\u00f3n de costos y deducciones de conformidad con lo previsto en el numeral 6 del art\u00edculo 1.2.4.1.6 del decreto en menci\u00f3n, se rigen por lo previsto en el art\u00edculo 383 del E.T.. En caso contrario tendr\u00e1 lugar la aplicaci\u00f3n de tarifas de retenci\u00f3n en la fuente previstas en los art\u00edculos 392 y 401del E.T. seg\u00fan corresponda.<\/li>\n<\/ul>\n\n\n\n<p>Usted podr\u00e1 enviar sus comentarios al proyecto de decreto hasta el 5 de diciembre de 2023 dando clic <a href=\"https:\/\/forms.office.com\/Pages\/ResponsePage.aspx?id=2GDqtEm-vECYxBjEO_1yHivi38WBCEdFkETiUcsqrzlUNzhaQ0ZUWU1EN0JVSFdHVDZQSlRJSFNIMyQlQCNjPTEu\">aqu\u00ed<\/a>.<\/p>\n\n\n\n<p>Para m\u00e1s informaci\u00f3n, consulte el documento a continuaci\u00f3n.<\/p>\n\n\n\n<p>Ver: <a href=\"https:\/\/incp.org.co\/agendatributariaincp\/wp-content\/uploads\/2023\/11\/Proyecto-de-decreto-Reglamentacion-impuesto-sore-la-renta-MinHacienda.pdf\" data-type=\"URL\" data-id=\"https:\/\/incp.org.co\/agendatributariaincp\/wp-content\/uploads\/2023\/11\/Proyecto-de-decreto-Reglamentacion-impuesto-sore-la-renta-MinHacienda.pdf\">Proyecto de decreto reglamentaci\u00f3n impuesto sobre la renta \u2013 MinHacienda<\/a><\/p>\n\n\n\n<p><em><sub>*Por el cual se reglamentan parcialmente los art\u00edculos 206, 331, 336 y 383 del Estatuto Tributario, modificados por los art\u00edculos 2, 6, 7 y 8 de la Ley 2277 de 2022, se sustituyen, modifican y adicionan unos art\u00edculos a la Parte 2 del Libro 1 del Decreto 1625 de 2016, \u00danico Reglamentario en Materia Tributaria, relacionados con la determinaci\u00f3n del impuesto sobre la renta a cargo de las personas naturales residentes y la retenci\u00f3n en la fuente con concepto de rentas de trabajo.<\/sub><\/em><\/p>\n\n\n\n<p><strong>Redacci\u00f3n INCP<\/strong><\/p>\n","protected":false},"excerpt":{"rendered":"<p>El Ministerio de Hacienda y Cr\u00e9dito P\u00fablico (MinHacienda) emiti\u00f3 para comentarios un proyecto de decreto*, con el cual pretende reglamentar las nuevas disposiciones de la reforma tributaria &#8211; Ley 2277 de 2022 relacionadas con la determinaci\u00f3n del impuesto sobre la renta a cargo de personas naturales residentes y la retenci\u00f3n en la fuente por concepto&hellip; <br \/> <a class=\"read-more\" href=\"https:\/\/incp.org.co\/agendatributariaincp\/noticias\/2023\/11\/se-reglamentaria-la-determinacion-del-impuesto-de-renta-de-las-personas-naturales-y-la-retencion-en-la-fuente-por-rentas-de-trabajo\/\">Read more<\/a><\/p>\n","protected":false},"author":20622,"featured_media":1477,"comment_status":"open","ping_status":"open","sticky":false,"template":"","format":"standard","meta":{"footnotes":""},"categories":[13],"tags":[],"class_list":["post-1475","post","type-post","status-publish","format-standard","has-post-thumbnail","hentry","category-noticias"],"_links":{"self":[{"href":"https:\/\/incp.org.co\/agendatributariaincp\/wp-json\/wp\/v2\/posts\/1475","targetHints":{"allow":["GET"]}}],"collection":[{"href":"https:\/\/incp.org.co\/agendatributariaincp\/wp-json\/wp\/v2\/posts"}],"about":[{"href":"https:\/\/incp.org.co\/agendatributariaincp\/wp-json\/wp\/v2\/types\/post"}],"author":[{"embeddable":true,"href":"https:\/\/incp.org.co\/agendatributariaincp\/wp-json\/wp\/v2\/users\/20622"}],"replies":[{"embeddable":true,"href":"https:\/\/incp.org.co\/agendatributariaincp\/wp-json\/wp\/v2\/comments?post=1475"}],"version-history":[{"count":1,"href":"https:\/\/incp.org.co\/agendatributariaincp\/wp-json\/wp\/v2\/posts\/1475\/revisions"}],"predecessor-version":[{"id":1478,"href":"https:\/\/incp.org.co\/agendatributariaincp\/wp-json\/wp\/v2\/posts\/1475\/revisions\/1478"}],"wp:featuredmedia":[{"embeddable":true,"href":"https:\/\/incp.org.co\/agendatributariaincp\/wp-json\/wp\/v2\/media\/1477"}],"wp:attachment":[{"href":"https:\/\/incp.org.co\/agendatributariaincp\/wp-json\/wp\/v2\/media?parent=1475"}],"wp:term":[{"taxonomy":"category","embeddable":true,"href":"https:\/\/incp.org.co\/agendatributariaincp\/wp-json\/wp\/v2\/categories?post=1475"},{"taxonomy":"post_tag","embeddable":true,"href":"https:\/\/incp.org.co\/agendatributariaincp\/wp-json\/wp\/v2\/tags?post=1475"}],"curies":[{"name":"wp","href":"https:\/\/api.w.org\/{rel}","templated":true}]}}