{"id":1483,"date":"2023-11-24T12:42:20","date_gmt":"2023-11-24T17:42:20","guid":{"rendered":"https:\/\/incp.org.co\/agendatributariaincp\/?p=1483"},"modified":"2023-11-30T14:37:46","modified_gmt":"2023-11-30T19:37:46","slug":"se-reglamentaria-el-ajuste-del-costo-fiscal-de-activos-fijos-para-2023","status":"publish","type":"post","link":"https:\/\/incp.org.co\/agendatributariaincp\/noticias\/2023\/11\/se-reglamentaria-el-ajuste-del-costo-fiscal-de-activos-fijos-para-2023\/","title":{"rendered":"Se reglamentar\u00eda el ajuste del costo fiscal de activos fijos para 2023"},"content":{"rendered":"\n<p>El Ministerio de Hacienda y Cr\u00e9dito P\u00fablico emiti\u00f3 un proyecto de decreto*, con el objetivo de reglamentar los art\u00edculos 70 y 73 del Estatuto Tributario (E.T.) en lo relacionado con el ajuste del costo fiscal de los activos fijos para efectos de determinar la renta o ganancia ocasional por el a\u00f1o gravable 2023.<\/p>\n\n\n\n<p>Seg\u00fan el proyecto de decreto, los contribuyentes podr\u00e1n ajustar el costo de los activos fijos por el a\u00f1o gravable 2023 en un 12,40&nbsp;%. Asimismo, propone que, para efectos de determinar la renta o ganancia ocasional, seg\u00fan sea el caso, proveniente de la enajenaci\u00f3n durante el a\u00f1o gravable 2023 de bienes ra\u00edces y acciones o aportes que tengan el car\u00e1cter de activos fijos, los contribuyentes que sean personas naturales podr\u00e1n tomar como costo fiscal cualquiera de los siguientes valores:<\/p>\n\n\n\n<ul class=\"wp-block-list\">\n<li>El valor que se obtenga de multiplicar el costo fiscal de los activos fijos enajenados, que figure en la declaraci\u00f3n de renta por el a\u00f1o gravable de 1986 por 48,10 si se trata de acciones o aportes, y por 408,39, en el caso de bienes ra\u00edces.<\/li>\n\n\n\n<li>El valor que se obtenga de multiplicar el costo de adquisici\u00f3n del bien enajenado por la cifra de ajuste que figure frente al a\u00f1o de adquisici\u00f3n de este, conforme con la siguiente tabla:<\/li>\n<\/ul>\n\n\n<div class=\"wp-block-image\">\n<figure class=\"aligncenter size-full\"><img loading=\"lazy\" decoding=\"async\" width=\"410\" height=\"355\" src=\"https:\/\/incp.org.co\/agendatributariaincp\/wp-content\/uploads\/2023\/11\/Imagen1T.png\" alt=\"\" class=\"wp-image-1487\" srcset=\"https:\/\/incp.org.co\/agendatributariaincp\/wp-content\/uploads\/2023\/11\/Imagen1T.png 410w, https:\/\/incp.org.co\/agendatributariaincp\/wp-content\/uploads\/2023\/11\/Imagen1T-300x260.png 300w\" sizes=\"auto, (max-width: 410px) 100vw, 410px\" \/><\/figure>\n<\/div>\n\n<div class=\"wp-block-image\">\n<figure class=\"aligncenter size-full\"><img loading=\"lazy\" decoding=\"async\" width=\"410\" height=\"432\" src=\"https:\/\/incp.org.co\/agendatributariaincp\/wp-content\/uploads\/2023\/11\/Imagen2T.png\" alt=\"\" class=\"wp-image-1486\" srcset=\"https:\/\/incp.org.co\/agendatributariaincp\/wp-content\/uploads\/2023\/11\/Imagen2T.png 410w, https:\/\/incp.org.co\/agendatributariaincp\/wp-content\/uploads\/2023\/11\/Imagen2T-285x300.png 285w\" sizes=\"auto, (max-width: 410px) 100vw, 410px\" \/><\/figure>\n<\/div>\n\n<div class=\"wp-block-image\">\n<figure class=\"aligncenter size-full\"><img loading=\"lazy\" decoding=\"async\" width=\"414\" height=\"425\" src=\"https:\/\/incp.org.co\/agendatributariaincp\/wp-content\/uploads\/2023\/11\/Imagen3T.png\" alt=\"\" class=\"wp-image-1485\" srcset=\"https:\/\/incp.org.co\/agendatributariaincp\/wp-content\/uploads\/2023\/11\/Imagen3T.png 414w, https:\/\/incp.org.co\/agendatributariaincp\/wp-content\/uploads\/2023\/11\/Imagen3T-292x300.png 292w\" sizes=\"auto, (max-width: 414px) 100vw, 414px\" \/><\/figure>\n<\/div>\n\n<div class=\"wp-block-image\">\n<figure class=\"aligncenter size-full\"><img loading=\"lazy\" decoding=\"async\" width=\"415\" height=\"302\" src=\"https:\/\/incp.org.co\/agendatributariaincp\/wp-content\/uploads\/2023\/11\/Imagen4T.png\" alt=\"\" class=\"wp-image-1484\" srcset=\"https:\/\/incp.org.co\/agendatributariaincp\/wp-content\/uploads\/2023\/11\/Imagen4T.png 415w, https:\/\/incp.org.co\/agendatributariaincp\/wp-content\/uploads\/2023\/11\/Imagen4T-300x218.png 300w\" sizes=\"auto, (max-width: 415px) 100vw, 415px\" \/><\/figure>\n<\/div>\n\n\n<p>Cabe se\u00f1alar que, cuando se trata de bienes ra\u00edces, el resultado de la anterior operaci\u00f3n puede ser incrementado de acuerdo con el valor de las mejoras y contribuciones por valorizaci\u00f3n que se hayan pagado por el activo.<\/p>\n\n\n\n<p>Usted podr\u00e1 enviar sus comentarios al proyecto de decreto hasta el 7 de diciembre de 2023 en el siguiente <a href=\"https:\/\/forms.office.com\/Pages\/ResponsePage.aspx?id=2GDqtEm-vECYxBjEO_1yHivi38WBCEdFkETiUcsqrzlURFRXSzVMNkhROFpGQjMxV0I3QlFYS0hIRiQlQCNjPTEu\">enlace<\/a>.<\/p>\n\n\n\n<p>Para m\u00e1s informaci\u00f3n, consulte el documento adjunto.<\/p>\n\n\n\n<p>Ver:<a href=\"https:\/\/incp.org.co\/agendatributariaincp\/wp-content\/uploads\/2023\/11\/Proyecto-de-decreto-costo-fiscal-2023-MinHacienda.pdf\" data-type=\"URL\" data-id=\"https:\/\/incp.org.co\/agendatributariaincp\/wp-content\/uploads\/2023\/11\/Proyecto-de-decreto-costo-fiscal-2023-MinHacienda.pdf\"> Proyecto de decreto costo fiscal 2023 &#8211; MinHacienda<\/a><\/p>\n\n\n\n<p><strong>Redacci\u00f3n INCP<\/strong><\/p>\n","protected":false},"excerpt":{"rendered":"<p>El Ministerio de Hacienda y Cr\u00e9dito P\u00fablico emiti\u00f3 un proyecto de decreto*, con el objetivo de reglamentar los art\u00edculos 70 y 73 del Estatuto Tributario (E.T.) en lo relacionado con el ajuste del costo fiscal de los activos fijos para efectos de determinar la renta o ganancia ocasional por el a\u00f1o gravable 2023. Seg\u00fan el&hellip; <br \/> <a class=\"read-more\" href=\"https:\/\/incp.org.co\/agendatributariaincp\/noticias\/2023\/11\/se-reglamentaria-el-ajuste-del-costo-fiscal-de-activos-fijos-para-2023\/\">Read more<\/a><\/p>\n","protected":false},"author":20622,"featured_media":1489,"comment_status":"open","ping_status":"open","sticky":false,"template":"","format":"standard","meta":{"footnotes":""},"categories":[13],"tags":[],"class_list":["post-1483","post","type-post","status-publish","format-standard","has-post-thumbnail","hentry","category-noticias"],"_links":{"self":[{"href":"https:\/\/incp.org.co\/agendatributariaincp\/wp-json\/wp\/v2\/posts\/1483","targetHints":{"allow":["GET"]}}],"collection":[{"href":"https:\/\/incp.org.co\/agendatributariaincp\/wp-json\/wp\/v2\/posts"}],"about":[{"href":"https:\/\/incp.org.co\/agendatributariaincp\/wp-json\/wp\/v2\/types\/post"}],"author":[{"embeddable":true,"href":"https:\/\/incp.org.co\/agendatributariaincp\/wp-json\/wp\/v2\/users\/20622"}],"replies":[{"embeddable":true,"href":"https:\/\/incp.org.co\/agendatributariaincp\/wp-json\/wp\/v2\/comments?post=1483"}],"version-history":[{"count":2,"href":"https:\/\/incp.org.co\/agendatributariaincp\/wp-json\/wp\/v2\/posts\/1483\/revisions"}],"predecessor-version":[{"id":1500,"href":"https:\/\/incp.org.co\/agendatributariaincp\/wp-json\/wp\/v2\/posts\/1483\/revisions\/1500"}],"wp:featuredmedia":[{"embeddable":true,"href":"https:\/\/incp.org.co\/agendatributariaincp\/wp-json\/wp\/v2\/media\/1489"}],"wp:attachment":[{"href":"https:\/\/incp.org.co\/agendatributariaincp\/wp-json\/wp\/v2\/media?parent=1483"}],"wp:term":[{"taxonomy":"category","embeddable":true,"href":"https:\/\/incp.org.co\/agendatributariaincp\/wp-json\/wp\/v2\/categories?post=1483"},{"taxonomy":"post_tag","embeddable":true,"href":"https:\/\/incp.org.co\/agendatributariaincp\/wp-json\/wp\/v2\/tags?post=1483"}],"curies":[{"name":"wp","href":"https:\/\/api.w.org\/{rel}","templated":true}]}}