{"id":1816,"date":"2024-02-19T13:47:26","date_gmt":"2024-02-19T18:47:26","guid":{"rendered":"https:\/\/incp.org.co\/agendatributariaincp\/?p=1816"},"modified":"2024-02-19T13:47:27","modified_gmt":"2024-02-19T18:47:27","slug":"renta-personas-juridicas-la-dian-aclara-como-se-debe-calcular-el-impuesto-depurado","status":"publish","type":"post","link":"https:\/\/incp.org.co\/agendatributariaincp\/noticias\/2024\/02\/renta-personas-juridicas-la-dian-aclara-como-se-debe-calcular-el-impuesto-depurado\/","title":{"rendered":"Renta personas jur\u00eddicas: la DIAN aclara c\u00f3mo se debe calcular el impuesto depurado"},"content":{"rendered":"\n<p>La Direcci\u00f3n de Impuestos y Aduanas Nacionales (DIAN) public\u00f3 el Oficio No. 100208192-18 del 10 de enero de 2024, por medio del cual realiza una aclaraci\u00f3n sobre la quinta adici\u00f3n al Concepto General con relaci\u00f3n al impuesto sobre la renta a cargo de las personas jur\u00eddicas con motivo de la Ley 2277 de 2022.<\/p>\n\n\n\n<p>As\u00ed bien, la DIAN observ\u00f3 un error en la quinta adici\u00f3n realizada a este Concepto General, espec\u00edficamente en el numeral 6 del apartado VI \u2013 <em>Tasa m\u00ednima de tributaci\u00f3n<\/em>, en el cual se respondi\u00f3 a la pregunta \u201cPara determinar el impuesto depurado (ID) del a\u00f1o gravable 2023 \u00bfel impuesto neto de renta (INR) corresponder\u00eda al impuesto neto de renta del a\u00f1o gravable 2022?\u201d en los siguientes t\u00e9rminos: \u201cS\u00ed. Para determinar el ID del a\u00f1o gravable 2023, el INR corresponder\u00eda al impuesto neto de renta del a\u00f1o gravable 2022 (ver casilla 94 del Formulario 110)\u201d.<\/p>\n\n\n\n<p>As\u00ed bien, el error se advierte debido a que el impuesto neto de renta (INR) debe corresponder al del mismo a\u00f1o gravable en el que se determinar\u00e1 el respectivo impuesto depurado (ID). Dado lo anterior, la DIAN corrigi\u00f3 la redacci\u00f3n de la respuesta a la interrogante planteada, as\u00ed: \u201cPara determinar el ID del a\u00f1o gravable 2023, el INR corresponde al impuesto neto de renta del a\u00f1o gravable 2023 (ver casilla 94 del Formulario 110)\u201d.<\/p>\n\n\n\n<p>Para m\u00e1s informaci\u00f3n, consulte el documento adjunto.<\/p>\n\n\n\n<p>Ver: <a href=\"https:\/\/incp.org.co\/wp-content\/uploads\/2024\/02\/Oficio-No.-100208192-18-del-10-de-enero-de-2024-DIAN.pdf\" data-type=\"link\" data-id=\"https:\/\/incp.org.co\/wp-content\/uploads\/2024\/02\/Oficio-No.-100208192-18-del-10-de-enero-de-2024-DIAN.pdf\">Oficio No. 100208192-18 del 10 de enero de 2024 &#8211; DIAN<\/a><\/p>\n\n\n\n<p><strong>Redacci\u00f3n INCP<\/strong><\/p>\n","protected":false},"excerpt":{"rendered":"<p>La Direcci\u00f3n de Impuestos y Aduanas Nacionales (DIAN) public\u00f3 el Oficio No. 100208192-18 del 10 de enero de 2024, por medio del cual realiza una aclaraci\u00f3n sobre la quinta adici\u00f3n al Concepto General con relaci\u00f3n al impuesto sobre la renta a cargo de las personas jur\u00eddicas con motivo de la Ley 2277 de 2022. As\u00ed&hellip; <br \/> <a class=\"read-more\" href=\"https:\/\/incp.org.co\/agendatributariaincp\/noticias\/2024\/02\/renta-personas-juridicas-la-dian-aclara-como-se-debe-calcular-el-impuesto-depurado\/\">Read more<\/a><\/p>\n","protected":false},"author":20622,"featured_media":1817,"comment_status":"open","ping_status":"open","sticky":false,"template":"","format":"standard","meta":{"footnotes":""},"categories":[13],"tags":[],"class_list":["post-1816","post","type-post","status-publish","format-standard","has-post-thumbnail","hentry","category-noticias"],"_links":{"self":[{"href":"https:\/\/incp.org.co\/agendatributariaincp\/wp-json\/wp\/v2\/posts\/1816","targetHints":{"allow":["GET"]}}],"collection":[{"href":"https:\/\/incp.org.co\/agendatributariaincp\/wp-json\/wp\/v2\/posts"}],"about":[{"href":"https:\/\/incp.org.co\/agendatributariaincp\/wp-json\/wp\/v2\/types\/post"}],"author":[{"embeddable":true,"href":"https:\/\/incp.org.co\/agendatributariaincp\/wp-json\/wp\/v2\/users\/20622"}],"replies":[{"embeddable":true,"href":"https:\/\/incp.org.co\/agendatributariaincp\/wp-json\/wp\/v2\/comments?post=1816"}],"version-history":[{"count":1,"href":"https:\/\/incp.org.co\/agendatributariaincp\/wp-json\/wp\/v2\/posts\/1816\/revisions"}],"predecessor-version":[{"id":1818,"href":"https:\/\/incp.org.co\/agendatributariaincp\/wp-json\/wp\/v2\/posts\/1816\/revisions\/1818"}],"wp:featuredmedia":[{"embeddable":true,"href":"https:\/\/incp.org.co\/agendatributariaincp\/wp-json\/wp\/v2\/media\/1817"}],"wp:attachment":[{"href":"https:\/\/incp.org.co\/agendatributariaincp\/wp-json\/wp\/v2\/media?parent=1816"}],"wp:term":[{"taxonomy":"category","embeddable":true,"href":"https:\/\/incp.org.co\/agendatributariaincp\/wp-json\/wp\/v2\/categories?post=1816"},{"taxonomy":"post_tag","embeddable":true,"href":"https:\/\/incp.org.co\/agendatributariaincp\/wp-json\/wp\/v2\/tags?post=1816"}],"curies":[{"name":"wp","href":"https:\/\/api.w.org\/{rel}","templated":true}]}}