{"id":1819,"date":"2024-02-19T13:48:31","date_gmt":"2024-02-19T18:48:31","guid":{"rendered":"https:\/\/incp.org.co\/agendatributariaincp\/?p=1819"},"modified":"2024-02-19T13:48:32","modified_gmt":"2024-02-19T18:48:32","slug":"colombia-se-somete-a-evaluacion-sobre-transparencia-fiscal-por-parte-de-la-ocde","status":"publish","type":"post","link":"https:\/\/incp.org.co\/agendatributariaincp\/noticias\/2024\/02\/colombia-se-somete-a-evaluacion-sobre-transparencia-fiscal-por-parte-de-la-ocde\/","title":{"rendered":"Colombia se somete a evaluaci\u00f3n sobre transparencia fiscal por parte de la OCDE"},"content":{"rendered":"\n<figure class=\"wp-block-embed is-type-video is-provider-youtube wp-block-embed-youtube wp-embed-aspect-16-9 wp-has-aspect-ratio\"><div class=\"wp-block-embed__wrapper\">\n<div class='embed-container'><iframe loading=\"lazy\" title=\"Colombia se somete a evaluaci\u00f3n sobre transparencia fiscal por parte de la OCDE   3722\" width=\"1920\" height=\"1080\" src=\"https:\/\/www.youtube.com\/embed\/23xcpbEwdrk?feature=oembed\" frameborder=\"0\" allow=\"accelerometer; autoplay; clipboard-write; encrypted-media; gyroscope; picture-in-picture; web-share\" allowfullscreen><\/iframe><\/div>\n<\/div><\/figure>\n\n\n\n<p>La Direcci\u00f3n de Impuestos y Aduanas Nacional (DIAN) public\u00f3 un comunicado de prensa informando que, del 12 al 16 de febrero, Colombia recibe la visita del equipo evaluador del \u2018Foro global sobre transparencia e intercambio de informaci\u00f3n con fines fiscales\u2019 de la Organizaci\u00f3n Para la Cooperaci\u00f3n y el Desarrollo Econ\u00f3micos (OCDE).<\/p>\n\n\n\n<p>La evaluaci\u00f3n que realiza este equipo incluye la revisi\u00f3n del marco jur\u00eddico, su aplicaci\u00f3n en la pr\u00e1ctica y el reglamento de Colombia para la transparencia y el intercambio de informaci\u00f3n, de conformidad con los est\u00e1ndares internacionales de la OCDE.<\/p>\n\n\n\n<p>Como actor clave del sector privado, el Instituto Nacional de Contadores P\u00fablicos &#8211; <strong>INCP<\/strong> particip\u00f3 en la agenda de evaluaci\u00f3n prevista para el 14 de febrero de 2024. Expresamos nuestro m\u00e1s sincero agradecimiento a la DIAN por la invitaci\u00f3n allegada y por permitirnos participar de esta importante evaluaci\u00f3n para nuestro pa\u00eds.<\/p>\n\n\n\n<p>Seg\u00fan la DIAN, es importante mencionar que, internacionalmente, tener una buena calificaci\u00f3n en materia de intercambio y transparencia es uno de los elementos que otras jurisdicciones y la Uni\u00f3n Europea tienen en cuenta para evaluar y calificar a pa\u00edses como cooperantes o no cooperantes. En este sentido, la administraci\u00f3n tributaria expres\u00f3 que ha estado enfocada en hacer que Colombia cumpla de buena manera el est\u00e1ndar internacional.<\/p>\n\n\n\n<p>Para m\u00e1s informaci\u00f3n, consulte el documento adjunto.<\/p>\n\n\n\n<p>Ver: <a href=\"https:\/\/incp.org.co\/wp-content\/uploads\/2024\/02\/Comunicado-de-prensa-Visita-Foro-Global-DIAN.pdf\">Comunicado de prensa Visita Foro Global &#8211; DIAN<\/a><\/p>\n\n\n\n<p><strong>Redacci\u00f3n INCP<\/strong><\/p>\n","protected":false},"excerpt":{"rendered":"<p>La Direcci\u00f3n de Impuestos y Aduanas Nacional (DIAN) public\u00f3 un comunicado de prensa informando que, del 12 al 16 de febrero, Colombia recibe la visita del equipo evaluador del \u2018Foro global sobre transparencia e intercambio de informaci\u00f3n con fines fiscales\u2019 de la Organizaci\u00f3n Para la Cooperaci\u00f3n y el Desarrollo Econ\u00f3micos (OCDE). La evaluaci\u00f3n que realiza&hellip; <br \/> <a class=\"read-more\" href=\"https:\/\/incp.org.co\/agendatributariaincp\/noticias\/2024\/02\/colombia-se-somete-a-evaluacion-sobre-transparencia-fiscal-por-parte-de-la-ocde\/\">Read more<\/a><\/p>\n","protected":false},"author":20622,"featured_media":1820,"comment_status":"open","ping_status":"open","sticky":false,"template":"","format":"standard","meta":{"footnotes":""},"categories":[13],"tags":[],"class_list":["post-1819","post","type-post","status-publish","format-standard","has-post-thumbnail","hentry","category-noticias"],"_links":{"self":[{"href":"https:\/\/incp.org.co\/agendatributariaincp\/wp-json\/wp\/v2\/posts\/1819","targetHints":{"allow":["GET"]}}],"collection":[{"href":"https:\/\/incp.org.co\/agendatributariaincp\/wp-json\/wp\/v2\/posts"}],"about":[{"href":"https:\/\/incp.org.co\/agendatributariaincp\/wp-json\/wp\/v2\/types\/post"}],"author":[{"embeddable":true,"href":"https:\/\/incp.org.co\/agendatributariaincp\/wp-json\/wp\/v2\/users\/20622"}],"replies":[{"embeddable":true,"href":"https:\/\/incp.org.co\/agendatributariaincp\/wp-json\/wp\/v2\/comments?post=1819"}],"version-history":[{"count":1,"href":"https:\/\/incp.org.co\/agendatributariaincp\/wp-json\/wp\/v2\/posts\/1819\/revisions"}],"predecessor-version":[{"id":1821,"href":"https:\/\/incp.org.co\/agendatributariaincp\/wp-json\/wp\/v2\/posts\/1819\/revisions\/1821"}],"wp:featuredmedia":[{"embeddable":true,"href":"https:\/\/incp.org.co\/agendatributariaincp\/wp-json\/wp\/v2\/media\/1820"}],"wp:attachment":[{"href":"https:\/\/incp.org.co\/agendatributariaincp\/wp-json\/wp\/v2\/media?parent=1819"}],"wp:term":[{"taxonomy":"category","embeddable":true,"href":"https:\/\/incp.org.co\/agendatributariaincp\/wp-json\/wp\/v2\/categories?post=1819"},{"taxonomy":"post_tag","embeddable":true,"href":"https:\/\/incp.org.co\/agendatributariaincp\/wp-json\/wp\/v2\/tags?post=1819"}],"curies":[{"name":"wp","href":"https:\/\/api.w.org\/{rel}","templated":true}]}}