{"id":1822,"date":"2024-02-19T13:49:19","date_gmt":"2024-02-19T18:49:19","guid":{"rendered":"https:\/\/incp.org.co\/agendatributariaincp\/?p=1822"},"modified":"2024-02-19T13:49:21","modified_gmt":"2024-02-19T18:49:21","slug":"ultimos-dias-para-presentar-la-declaracion-del-impuesto-sobre-productos-plasticos","status":"publish","type":"post","link":"https:\/\/incp.org.co\/agendatributariaincp\/noticias\/2024\/02\/ultimos-dias-para-presentar-la-declaracion-del-impuesto-sobre-productos-plasticos\/","title":{"rendered":"\u00daltimos d\u00edas para presentar la declaraci\u00f3n del impuesto sobre productos pl\u00e1sticos"},"content":{"rendered":"\n<figure class=\"wp-block-embed is-type-video is-provider-youtube wp-block-embed-youtube wp-embed-aspect-16-9 wp-has-aspect-ratio\"><div class=\"wp-block-embed__wrapper\">\n<div class='embed-container'><iframe loading=\"lazy\" title=\"\u00daltimos d\u00edas para presentar la declaraci\u00f3n del impuesto sobre productos pl\u00e1sticos   3722\" width=\"1920\" height=\"1080\" src=\"https:\/\/www.youtube.com\/embed\/aZx5AhBdbF4?feature=oembed\" frameborder=\"0\" allow=\"accelerometer; autoplay; clipboard-write; encrypted-media; gyroscope; picture-in-picture; web-share\" allowfullscreen><\/iframe><\/div>\n<\/div><\/figure>\n\n\n\n<p>La Direcci\u00f3n de Impuestos y Aduanas Nacionales (DIAN) public\u00f3 un comunicado de prensa en el que recuerda a los contribuyentes que el Formulario No. 330 &#8211; <em>Declaraci\u00f3n del impuesto nacional sobre productos pl\u00e1sticos de un solo uso utilizados para envasar, embalar o empacar bienes<\/em> est\u00e1 disponible en su plataforma de servicios inform\u00e1ticos y que hasta el pr\u00f3ximo 23 de febrero de 2024, los contribuyentes deber\u00e1n presentar y pagar las declaraciones correspondientes a la fracci\u00f3n del a\u00f1o gravable 2022 (es decir, los d\u00edas contados a partir de la vigencia de la Ley 2277 de 2022: del 13 al 31 de diciembre de 2022) y el a\u00f1o gravable 2023 de este impuesto.<\/p>\n\n\n\n<p>La administraci\u00f3n tributaria tambi\u00e9n precis\u00f3 que quienes hayan presentado una sola declaraci\u00f3n por los dos periodos, deben hacer la correcci\u00f3n y presentarlas por separado.<\/p>\n\n\n\n<p>Recuerde que la fecha de vencimiento mencionada anteriormente aplica para todos los obligados a hacerlo, independientemente del n\u00famero de identificaci\u00f3n tributario (NIT) que posean.<\/p>\n\n\n\n<p>Para m\u00e1s informaci\u00f3n, consulte el documento adjunto.<\/p>\n\n\n\n<p>Ver: <a href=\"https:\/\/incp.org.co\/wp-content\/uploads\/2024\/02\/Comunicado-de-prensa-Formulario-No.-330-DIAN.pdf\" data-type=\"link\" data-id=\"https:\/\/incp.org.co\/wp-content\/uploads\/2024\/02\/Comunicado-de-prensa-Formulario-No.-330-DIAN.pdf\">Comunicado de prensa Formulario No. 330 &#8211; DIAN<\/a><\/p>\n\n\n\n<p><strong>Redacci\u00f3n INCP<\/strong><\/p>\n","protected":false},"excerpt":{"rendered":"<p>La Direcci\u00f3n de Impuestos y Aduanas Nacionales (DIAN) public\u00f3 un comunicado de prensa en el que recuerda a los contribuyentes que el Formulario No. 330 &#8211; Declaraci\u00f3n del impuesto nacional sobre productos pl\u00e1sticos de un solo uso utilizados para envasar, embalar o empacar bienes est\u00e1 disponible en su plataforma de servicios inform\u00e1ticos y que hasta&hellip; <br \/> <a class=\"read-more\" href=\"https:\/\/incp.org.co\/agendatributariaincp\/noticias\/2024\/02\/ultimos-dias-para-presentar-la-declaracion-del-impuesto-sobre-productos-plasticos\/\">Read more<\/a><\/p>\n","protected":false},"author":20622,"featured_media":1823,"comment_status":"open","ping_status":"open","sticky":false,"template":"","format":"standard","meta":{"footnotes":""},"categories":[13],"tags":[],"class_list":["post-1822","post","type-post","status-publish","format-standard","has-post-thumbnail","hentry","category-noticias"],"_links":{"self":[{"href":"https:\/\/incp.org.co\/agendatributariaincp\/wp-json\/wp\/v2\/posts\/1822","targetHints":{"allow":["GET"]}}],"collection":[{"href":"https:\/\/incp.org.co\/agendatributariaincp\/wp-json\/wp\/v2\/posts"}],"about":[{"href":"https:\/\/incp.org.co\/agendatributariaincp\/wp-json\/wp\/v2\/types\/post"}],"author":[{"embeddable":true,"href":"https:\/\/incp.org.co\/agendatributariaincp\/wp-json\/wp\/v2\/users\/20622"}],"replies":[{"embeddable":true,"href":"https:\/\/incp.org.co\/agendatributariaincp\/wp-json\/wp\/v2\/comments?post=1822"}],"version-history":[{"count":1,"href":"https:\/\/incp.org.co\/agendatributariaincp\/wp-json\/wp\/v2\/posts\/1822\/revisions"}],"predecessor-version":[{"id":1824,"href":"https:\/\/incp.org.co\/agendatributariaincp\/wp-json\/wp\/v2\/posts\/1822\/revisions\/1824"}],"wp:featuredmedia":[{"embeddable":true,"href":"https:\/\/incp.org.co\/agendatributariaincp\/wp-json\/wp\/v2\/media\/1823"}],"wp:attachment":[{"href":"https:\/\/incp.org.co\/agendatributariaincp\/wp-json\/wp\/v2\/media?parent=1822"}],"wp:term":[{"taxonomy":"category","embeddable":true,"href":"https:\/\/incp.org.co\/agendatributariaincp\/wp-json\/wp\/v2\/categories?post=1822"},{"taxonomy":"post_tag","embeddable":true,"href":"https:\/\/incp.org.co\/agendatributariaincp\/wp-json\/wp\/v2\/tags?post=1822"}],"curies":[{"name":"wp","href":"https:\/\/api.w.org\/{rel}","templated":true}]}}