{"id":1825,"date":"2024-02-19T13:51:25","date_gmt":"2024-02-19T18:51:25","guid":{"rendered":"https:\/\/incp.org.co\/agendatributariaincp\/?p=1825"},"modified":"2024-02-19T13:51:26","modified_gmt":"2024-02-19T18:51:26","slug":"desde-cuando-se-paga-el-impuesto-a-los-productos-plasticos-de-un-solo-uso","status":"publish","type":"post","link":"https:\/\/incp.org.co\/agendatributariaincp\/noticias\/2024\/02\/desde-cuando-se-paga-el-impuesto-a-los-productos-plasticos-de-un-solo-uso\/","title":{"rendered":"\u00bfDesde cu\u00e1ndo se paga el impuesto a los productos pl\u00e1sticos de un solo uso?"},"content":{"rendered":"\n<p>Una duda que ha surgido entre los contribuyentes del impuesto a los productos pl\u00e1sticos de un solo uso tiene que ver con la fecha de inicio de la causaci\u00f3n y\/o pago de dicho impuesto. La firma Jim\u00e9nez Higuita Rodr\u00edguez y Asociados realiz\u00f3 un an\u00e1lisis sobre este tema (ver pdf adjunto) y concluy\u00f3 que efectivamente se ha generado mucha incertidumbre porque solo hasta noviembre de 2023 la Corte Constitucional dio certeza jur\u00eddica al pronunciarse sobre el sujeto pasivo del impuesto (Sentencia C 503 de 2023) y esto muy probablemente sit\u00fae a los contribuyentes frente a diferentes alternativas, con sus respectivos niveles de riesgos, al momento de definir la fecha a partir de la cual pagar\u00e1n el impuesto.<\/p>\n\n\n\n<p>Para m\u00e1s informaci\u00f3n, consulte el documento adjunto.<\/p>\n\n\n\n<p>Ver: <a href=\"https:\/\/incp.org.co\/wp-content\/uploads\/2024\/02\/JHR-\u2013-Cuando-pagar-el-IPUU.pdf\" data-type=\"link\" data-id=\"https:\/\/incp.org.co\/wp-content\/uploads\/2024\/02\/JHR-\u2013-Cuando-pagar-el-IPUU.pdf\">JHR \u2013 Cu\u00e1ndo pagar el IPUU<\/a><\/p>\n\n\n\n<p><strong>Redacci\u00f3n INCP<\/strong><\/p>\n","protected":false},"excerpt":{"rendered":"<p>Una duda que ha surgido entre los contribuyentes del impuesto a los productos pl\u00e1sticos de un solo uso tiene que ver con la fecha de inicio de la causaci\u00f3n y\/o pago de dicho impuesto. La firma Jim\u00e9nez Higuita Rodr\u00edguez y Asociados realiz\u00f3 un an\u00e1lisis sobre este tema (ver pdf adjunto) y concluy\u00f3 que efectivamente se&hellip; <br \/> <a class=\"read-more\" href=\"https:\/\/incp.org.co\/agendatributariaincp\/noticias\/2024\/02\/desde-cuando-se-paga-el-impuesto-a-los-productos-plasticos-de-un-solo-uso\/\">Read more<\/a><\/p>\n","protected":false},"author":20622,"featured_media":1826,"comment_status":"open","ping_status":"open","sticky":false,"template":"","format":"standard","meta":{"footnotes":""},"categories":[13],"tags":[],"class_list":["post-1825","post","type-post","status-publish","format-standard","has-post-thumbnail","hentry","category-noticias"],"_links":{"self":[{"href":"https:\/\/incp.org.co\/agendatributariaincp\/wp-json\/wp\/v2\/posts\/1825","targetHints":{"allow":["GET"]}}],"collection":[{"href":"https:\/\/incp.org.co\/agendatributariaincp\/wp-json\/wp\/v2\/posts"}],"about":[{"href":"https:\/\/incp.org.co\/agendatributariaincp\/wp-json\/wp\/v2\/types\/post"}],"author":[{"embeddable":true,"href":"https:\/\/incp.org.co\/agendatributariaincp\/wp-json\/wp\/v2\/users\/20622"}],"replies":[{"embeddable":true,"href":"https:\/\/incp.org.co\/agendatributariaincp\/wp-json\/wp\/v2\/comments?post=1825"}],"version-history":[{"count":1,"href":"https:\/\/incp.org.co\/agendatributariaincp\/wp-json\/wp\/v2\/posts\/1825\/revisions"}],"predecessor-version":[{"id":1827,"href":"https:\/\/incp.org.co\/agendatributariaincp\/wp-json\/wp\/v2\/posts\/1825\/revisions\/1827"}],"wp:featuredmedia":[{"embeddable":true,"href":"https:\/\/incp.org.co\/agendatributariaincp\/wp-json\/wp\/v2\/media\/1826"}],"wp:attachment":[{"href":"https:\/\/incp.org.co\/agendatributariaincp\/wp-json\/wp\/v2\/media?parent=1825"}],"wp:term":[{"taxonomy":"category","embeddable":true,"href":"https:\/\/incp.org.co\/agendatributariaincp\/wp-json\/wp\/v2\/categories?post=1825"},{"taxonomy":"post_tag","embeddable":true,"href":"https:\/\/incp.org.co\/agendatributariaincp\/wp-json\/wp\/v2\/tags?post=1825"}],"curies":[{"name":"wp","href":"https:\/\/api.w.org\/{rel}","templated":true}]}}