{"id":1834,"date":"2024-02-19T13:54:34","date_gmt":"2024-02-19T18:54:34","guid":{"rendered":"https:\/\/incp.org.co\/agendatributariaincp\/?p=1834"},"modified":"2024-02-19T13:54:35","modified_gmt":"2024-02-19T18:54:35","slug":"dian-avanza-en-la-era-digital-adios-al-papel-en-2024","status":"publish","type":"post","link":"https:\/\/incp.org.co\/agendatributariaincp\/noticias\/2024\/02\/dian-avanza-en-la-era-digital-adios-al-papel-en-2024\/","title":{"rendered":"DIAN avanza en la era digital: \u00a1Adi\u00f3s al papel en 2024!"},"content":{"rendered":"\n<figure class=\"wp-block-embed is-type-video is-provider-youtube wp-block-embed-youtube wp-embed-aspect-16-9 wp-has-aspect-ratio\"><div class=\"wp-block-embed__wrapper\">\n<div class='embed-container'><iframe loading=\"lazy\" title=\"DIAN avanza en la era digital Adi\u00f3s al papel en 2024  3724\" width=\"1920\" height=\"1080\" src=\"https:\/\/www.youtube.com\/embed\/3NXmidMZyYw?feature=oembed\" frameborder=\"0\" allow=\"accelerometer; autoplay; clipboard-write; encrypted-media; gyroscope; picture-in-picture; web-share\" allowfullscreen><\/iframe><\/div>\n<\/div><\/figure>\n\n\n\n<p>La Direcci\u00f3n de Impuestos y Aduanas Nacionales (DIAN) public\u00f3 un comunicado de prensa informando que durante el 2024 finalizar\u00e1 la transici\u00f3n de la facturaci\u00f3n tradicional en papel hac\u00eda las facturas y documentos equivalentes electr\u00f3nicos.<\/p>\n\n\n\n<p>As\u00ed bien, la DIAN record\u00f3 que con la expedici\u00f3n de la Resoluci\u00f3n No. 000008 del 2024 se ampliaron los plazos establecidos para la generaci\u00f3n y transmisi\u00f3n electr\u00f3nica de los tiquetes de m\u00e1quina registradora con sistema POS y otros equivalentes a la factura de venta.<\/p>\n\n\n\n<p>Los nuevos plazos de implementaci\u00f3n se encuentran entre el 1 de mayo y el 1 de noviembre de 2024, de acuerdo con la clasificaci\u00f3n del contribuyente o el tipo de documento equivalente.<\/p>\n\n\n\n<p>Para facilitar este proceso y mantener la cercan\u00eda con los contribuyentes, la DIAN viene desarrollando diferentes acciones de acompa\u00f1amiento para orientar la implementaci\u00f3n correspondiente, tales como las conocidas jornadas de facturaci\u00f3n.&nbsp;<\/p>\n\n\n\n<p>Para m\u00e1s informaci\u00f3n, consulte el documento adjunto.<\/p>\n\n\n\n<p>Ver: <a href=\"https:\/\/incp.org.co\/wp-content\/uploads\/2024\/02\/Comunicado-de-prensa-Factura-electronica-DIAN.pdf\" data-type=\"link\" data-id=\"https:\/\/incp.org.co\/wp-content\/uploads\/2024\/02\/Comunicado-de-prensa-Factura-electronica-DIAN.pdf\">Comunicado de prensa factura electr\u00f3nica &#8211; DIAN<\/a><\/p>\n\n\n\n<p><strong>Redacci\u00f3n INCP<\/strong><\/p>\n\n\n\n<p><\/p>\n","protected":false},"excerpt":{"rendered":"<p>La Direcci\u00f3n de Impuestos y Aduanas Nacionales (DIAN) public\u00f3 un comunicado de prensa informando que durante el 2024 finalizar\u00e1 la transici\u00f3n de la facturaci\u00f3n tradicional en papel hac\u00eda las facturas y documentos equivalentes electr\u00f3nicos. As\u00ed bien, la DIAN record\u00f3 que con la expedici\u00f3n de la Resoluci\u00f3n No. 000008 del 2024 se ampliaron los plazos establecidos&hellip; <br \/> <a class=\"read-more\" href=\"https:\/\/incp.org.co\/agendatributariaincp\/noticias\/2024\/02\/dian-avanza-en-la-era-digital-adios-al-papel-en-2024\/\">Read more<\/a><\/p>\n","protected":false},"author":20622,"featured_media":1835,"comment_status":"open","ping_status":"open","sticky":false,"template":"","format":"standard","meta":{"footnotes":""},"categories":[13],"tags":[],"class_list":["post-1834","post","type-post","status-publish","format-standard","has-post-thumbnail","hentry","category-noticias"],"_links":{"self":[{"href":"https:\/\/incp.org.co\/agendatributariaincp\/wp-json\/wp\/v2\/posts\/1834","targetHints":{"allow":["GET"]}}],"collection":[{"href":"https:\/\/incp.org.co\/agendatributariaincp\/wp-json\/wp\/v2\/posts"}],"about":[{"href":"https:\/\/incp.org.co\/agendatributariaincp\/wp-json\/wp\/v2\/types\/post"}],"author":[{"embeddable":true,"href":"https:\/\/incp.org.co\/agendatributariaincp\/wp-json\/wp\/v2\/users\/20622"}],"replies":[{"embeddable":true,"href":"https:\/\/incp.org.co\/agendatributariaincp\/wp-json\/wp\/v2\/comments?post=1834"}],"version-history":[{"count":1,"href":"https:\/\/incp.org.co\/agendatributariaincp\/wp-json\/wp\/v2\/posts\/1834\/revisions"}],"predecessor-version":[{"id":1836,"href":"https:\/\/incp.org.co\/agendatributariaincp\/wp-json\/wp\/v2\/posts\/1834\/revisions\/1836"}],"wp:featuredmedia":[{"embeddable":true,"href":"https:\/\/incp.org.co\/agendatributariaincp\/wp-json\/wp\/v2\/media\/1835"}],"wp:attachment":[{"href":"https:\/\/incp.org.co\/agendatributariaincp\/wp-json\/wp\/v2\/media?parent=1834"}],"wp:term":[{"taxonomy":"category","embeddable":true,"href":"https:\/\/incp.org.co\/agendatributariaincp\/wp-json\/wp\/v2\/categories?post=1834"},{"taxonomy":"post_tag","embeddable":true,"href":"https:\/\/incp.org.co\/agendatributariaincp\/wp-json\/wp\/v2\/tags?post=1834"}],"curies":[{"name":"wp","href":"https:\/\/api.w.org\/{rel}","templated":true}]}}