{"id":1872,"date":"2024-03-01T11:26:38","date_gmt":"2024-03-01T16:26:38","guid":{"rendered":"https:\/\/incp.org.co\/agendatributariaincp\/?p=1872"},"modified":"2024-03-01T11:26:39","modified_gmt":"2024-03-01T16:26:39","slug":"los-ingresos-gravados-con-el-impuesto-al-consumo-en-uniones-temporales-se-incluyen-en-la-declaracion-de-iva","status":"publish","type":"post","link":"https:\/\/incp.org.co\/agendatributariaincp\/noticias\/2024\/03\/los-ingresos-gravados-con-el-impuesto-al-consumo-en-uniones-temporales-se-incluyen-en-la-declaracion-de-iva\/","title":{"rendered":"\u00bfLos ingresos gravados con el impuesto al consumo en uniones temporales se incluyen en la declaraci\u00f3n de IVA?"},"content":{"rendered":"\n<p>La Direcci\u00f3n de Impuestos y Aduanas Nacionales (DIAN) public\u00f3 el Oficio No. 100208192-82 del 13 de febrero de 2024, en el cual se pronunci\u00f3 sobre el tratamiento del Impuesto al Valor Agregado (IVA) en las uniones temporales:<\/p>\n\n\n\n<p><strong>\u201cSi por intermedio de una uni\u00f3n temporal se prestan servicios de catering, gravados con el impuesto nacional al consumo, \u00bflos part\u00edcipes de dicha uni\u00f3n temporal deben incluir en sus declaraciones del IVA (a que haya lugar) los ingresos obtenidos en desarrollo de este contrato de colaboraci\u00f3n empresarial?\u201d<\/strong><\/p>\n\n\n\n<p>Ante esto, la DIAN aclar\u00f3 que de acuerdo con el art\u00edculo 512-1 del Estatuto Tributario (E.T.), los servicios de catering (salvo aquellos bajo franquicia) est\u00e1n gravados con el impuesto nacional al consumo, siendo responsables de este impuesto los prestadores de dichos servicios. Ahora bien, si los part\u00edcipes de la uni\u00f3n temporal en cuesti\u00f3n son responsables del IVA (obligados a presentar declaraciones de este impuesto), deben incluir en sus declaraciones los ingresos que distribuya la uni\u00f3n temporal a cada uno, espec\u00edficamente en la casilla 40 del Formulario No. 300 \u2013 <em>Declaraci\u00f3n del Impuesto sobre las Ventas \u2013 IVA<\/em>, ya que estos ingresos no se originan de una operaci\u00f3n sometida a este impuesto.<\/p>\n\n\n\n<p>Para m\u00e1s informaci\u00f3n, consulte el documento adjunto.<\/p>\n\n\n\n<p>Ver: <a href=\"https:\/\/incp.org.co\/agendatributariaincp\/wp-content\/uploads\/2024\/03\/Oficio-No.-100208192-82-del-13-de-febrero-de-2024-DIAN.pdf\">Oficio No. 100208192-82 del 13 de febrero de 2024 &#8211; DIAN<\/a><\/p>\n\n\n\n<p><strong>Redacci\u00f3n INCP<\/strong><\/p>\n","protected":false},"excerpt":{"rendered":"<p>La Direcci\u00f3n de Impuestos y Aduanas Nacionales (DIAN) public\u00f3 el Oficio No. 100208192-82 del 13 de febrero de 2024, en el cual se pronunci\u00f3 sobre el tratamiento del Impuesto al Valor Agregado (IVA) en las uniones temporales: \u201cSi por intermedio de una uni\u00f3n temporal se prestan servicios de catering, gravados con el impuesto nacional al&hellip; <br \/> <a class=\"read-more\" href=\"https:\/\/incp.org.co\/agendatributariaincp\/noticias\/2024\/03\/los-ingresos-gravados-con-el-impuesto-al-consumo-en-uniones-temporales-se-incluyen-en-la-declaracion-de-iva\/\">Read more<\/a><\/p>\n","protected":false},"author":24468,"featured_media":1866,"comment_status":"open","ping_status":"open","sticky":false,"template":"","format":"standard","meta":{"footnotes":""},"categories":[13],"tags":[],"class_list":["post-1872","post","type-post","status-publish","format-standard","has-post-thumbnail","hentry","category-noticias"],"_links":{"self":[{"href":"https:\/\/incp.org.co\/agendatributariaincp\/wp-json\/wp\/v2\/posts\/1872","targetHints":{"allow":["GET"]}}],"collection":[{"href":"https:\/\/incp.org.co\/agendatributariaincp\/wp-json\/wp\/v2\/posts"}],"about":[{"href":"https:\/\/incp.org.co\/agendatributariaincp\/wp-json\/wp\/v2\/types\/post"}],"author":[{"embeddable":true,"href":"https:\/\/incp.org.co\/agendatributariaincp\/wp-json\/wp\/v2\/users\/24468"}],"replies":[{"embeddable":true,"href":"https:\/\/incp.org.co\/agendatributariaincp\/wp-json\/wp\/v2\/comments?post=1872"}],"version-history":[{"count":1,"href":"https:\/\/incp.org.co\/agendatributariaincp\/wp-json\/wp\/v2\/posts\/1872\/revisions"}],"predecessor-version":[{"id":1873,"href":"https:\/\/incp.org.co\/agendatributariaincp\/wp-json\/wp\/v2\/posts\/1872\/revisions\/1873"}],"wp:featuredmedia":[{"embeddable":true,"href":"https:\/\/incp.org.co\/agendatributariaincp\/wp-json\/wp\/v2\/media\/1866"}],"wp:attachment":[{"href":"https:\/\/incp.org.co\/agendatributariaincp\/wp-json\/wp\/v2\/media?parent=1872"}],"wp:term":[{"taxonomy":"category","embeddable":true,"href":"https:\/\/incp.org.co\/agendatributariaincp\/wp-json\/wp\/v2\/categories?post=1872"},{"taxonomy":"post_tag","embeddable":true,"href":"https:\/\/incp.org.co\/agendatributariaincp\/wp-json\/wp\/v2\/tags?post=1872"}],"curies":[{"name":"wp","href":"https:\/\/api.w.org\/{rel}","templated":true}]}}