{"id":1878,"date":"2024-03-01T11:31:30","date_gmt":"2024-03-01T16:31:30","guid":{"rendered":"https:\/\/incp.org.co\/agendatributariaincp\/?p=1878"},"modified":"2024-03-01T11:31:31","modified_gmt":"2024-03-01T16:31:31","slug":"como-se-debe-realizar-la-correccion-de-una-declaracion-de-retencion-en-la-fuente","status":"publish","type":"post","link":"https:\/\/incp.org.co\/agendatributariaincp\/noticias\/2024\/03\/como-se-debe-realizar-la-correccion-de-una-declaracion-de-retencion-en-la-fuente\/","title":{"rendered":"\u00bfC\u00f3mo se debe realizar la correcci\u00f3n de una declaraci\u00f3n de retenci\u00f3n en la fuente?"},"content":{"rendered":"\n<p>La Direcci\u00f3n de Impuestos y Aduanas Nacionales (DIAN) public\u00f3 su Concepto No. 65 del 6 de febrero de 2024, en el cual se pronunci\u00f3 sobre el procedimiento para la correcci\u00f3n de las declaraciones de retenci\u00f3n en la fuente por parte de los agentes autorretenedores.<\/p>\n\n\n\n<p>La DIAN record\u00f3 lo precisado por el Consejo de Estado en su Sentencia No. 26209 del 19 de julio de 2023, donde se expone que el autorretenedor debe corregir las declaraciones de retenci\u00f3n en la fuente liquidando los mayores valores por concepto de autorretenci\u00f3n, los intereses de mora generados hasta la fecha de pago del impuesto sobre la renta y las sanciones por correcci\u00f3n o por inexactitud reducida (seg\u00fan el caso), aunque solo deba pagar los intereses de mora y las sanciones tributarias y sin que esto genere que las respectivas declaraciones de retenci\u00f3n en la fuente se consideren ineficaces a la luz del art\u00edculo 580-1 del Estatuto Tributario (E.T.).<\/p>\n\n\n\n<p>Para m\u00e1s informaci\u00f3n, consulte el documento adjunto.<\/p>\n\n\n\n<p>Ver: <a href=\"https:\/\/incp.org.co\/agendatributariaincp\/wp-content\/uploads\/2024\/03\/Concepto-No.-65-del-6-de-febrero-de-2024-DIAN.pdf\">Concepto No. 65 del 6 de febrero de 2024 &#8211; DIAN<\/a><\/p>\n\n\n\n<p><strong>Redacci\u00f3n INCP<\/strong><\/p>\n","protected":false},"excerpt":{"rendered":"<p>La Direcci\u00f3n de Impuestos y Aduanas Nacionales (DIAN) public\u00f3 su Concepto No. 65 del 6 de febrero de 2024, en el cual se pronunci\u00f3 sobre el procedimiento para la correcci\u00f3n de las declaraciones de retenci\u00f3n en la fuente por parte de los agentes autorretenedores. La DIAN record\u00f3 lo precisado por el Consejo de Estado en&hellip; <br \/> <a class=\"read-more\" href=\"https:\/\/incp.org.co\/agendatributariaincp\/noticias\/2024\/03\/como-se-debe-realizar-la-correccion-de-una-declaracion-de-retencion-en-la-fuente\/\">Read more<\/a><\/p>\n","protected":false},"author":24468,"featured_media":1871,"comment_status":"open","ping_status":"open","sticky":false,"template":"","format":"standard","meta":{"footnotes":""},"categories":[13],"tags":[],"class_list":["post-1878","post","type-post","status-publish","format-standard","has-post-thumbnail","hentry","category-noticias"],"_links":{"self":[{"href":"https:\/\/incp.org.co\/agendatributariaincp\/wp-json\/wp\/v2\/posts\/1878","targetHints":{"allow":["GET"]}}],"collection":[{"href":"https:\/\/incp.org.co\/agendatributariaincp\/wp-json\/wp\/v2\/posts"}],"about":[{"href":"https:\/\/incp.org.co\/agendatributariaincp\/wp-json\/wp\/v2\/types\/post"}],"author":[{"embeddable":true,"href":"https:\/\/incp.org.co\/agendatributariaincp\/wp-json\/wp\/v2\/users\/24468"}],"replies":[{"embeddable":true,"href":"https:\/\/incp.org.co\/agendatributariaincp\/wp-json\/wp\/v2\/comments?post=1878"}],"version-history":[{"count":1,"href":"https:\/\/incp.org.co\/agendatributariaincp\/wp-json\/wp\/v2\/posts\/1878\/revisions"}],"predecessor-version":[{"id":1879,"href":"https:\/\/incp.org.co\/agendatributariaincp\/wp-json\/wp\/v2\/posts\/1878\/revisions\/1879"}],"wp:featuredmedia":[{"embeddable":true,"href":"https:\/\/incp.org.co\/agendatributariaincp\/wp-json\/wp\/v2\/media\/1871"}],"wp:attachment":[{"href":"https:\/\/incp.org.co\/agendatributariaincp\/wp-json\/wp\/v2\/media?parent=1878"}],"wp:term":[{"taxonomy":"category","embeddable":true,"href":"https:\/\/incp.org.co\/agendatributariaincp\/wp-json\/wp\/v2\/categories?post=1878"},{"taxonomy":"post_tag","embeddable":true,"href":"https:\/\/incp.org.co\/agendatributariaincp\/wp-json\/wp\/v2\/tags?post=1878"}],"curies":[{"name":"wp","href":"https:\/\/api.w.org\/{rel}","templated":true}]}}